{"id":1062,"date":"2022-08-03T12:30:02","date_gmt":"2022-08-03T12:30:02","guid":{"rendered":"https:\/\/purolatino.es\/cadiz\/?p=1062"},"modified":"2022-08-03T12:30:04","modified_gmt":"2022-08-03T12:30:04","slug":"una-fiesta-historica","status":"publish","type":"post","link":"https:\/\/purolatino.es\/cadiz\/una-fiesta-historica\/","title":{"rendered":"UNA FIESTA HIST\u00d3RICA"},"content":{"rendered":"\n<p><\/p>\n\n\n\n<p>Desde ma\u00f1ana jueves 4 de agosto y hasta el s\u00e1bado 6 tendr\u00e1 lugar una de las citas musicales m\u00e1s multitudinarias de nuestro pa\u00eds: la esperad\u00edsima celebraci\u00f3n de Puro Latino El Puerto de Santa Mar\u00eda. Tras colgar el cartel de &#8216;no hay billetes&#8217;, agotando todas las localidades en cada una de las modalidades disponibles, el evento aguarda la asistencia de 40.000 personas. Un festival con un cartel de ensue\u00f1o, repleto de estrellas nacionales e internacionales del m\u00e1s alto nivel, del que podr\u00e1s disfrutar en su totalidad en la privilegiada localidad gaditana.<\/p>\n\n\n\n<!--more-->\n\n\n\n<p><br>Porque su abultada programaci\u00f3n incluye alicientes del calibre de Anuel AA, Nicky Jam, Morad, Myke Towers, Bad Gyal, Feid, Lunay, Natti Natasha, Dalex, Tokischa, Gente de Zona, Omar Montes, Nio Garcia, Lola \u00cdndigo, RVFV, Ptazeta, Eladio Carri\u00f3n, L\u00e9rica, Blessd, Mariah Angeliq, La Nueva Escuela, Boza y Juan Mag\u00e1n, junto a las sesiones de Jose de las Heras y Juacko DJ. Y la cosa no queda ah\u00ed: sus asistentes podr\u00e1n contar con un recinto que dispone de todas las comodidades y extras, incluyendo zona VIP, zonas Oro y Platino \u00a1y hasta una noria!<\/p>\n\n\n\n<p>Ya lo tenemos todo preparado para que d\u00e9 comienzo ma\u00f1ana, jueves 4 de agosto, el festival m\u00e1s multitudinario de la comunidad andaluza. Y lo har\u00e1 por todo lo alto, ya que&nbsp;<strong><a target=\"_blank\" href=\"https:\/\/purolatino.es\/cadiz\/\" rel=\"noreferrer noopener\">Puro Latino El Puerto de Santa Mar\u00eda<\/a><\/strong>&nbsp;ha colgado el cartel de &#8216;no hay billetes&#8217; para esta edici\u00f3n 2022, aguardando la visita de 40.000 asistentes. Un p\u00fablico que vibrar\u00e1 al ritmo de los artistas nacionales e internacionales m\u00e1s cotizados de la actualidad, que se dar\u00e1n cita en la localidad gaditana para hacer historia a lo largo de sus tres d\u00edas de celebraci\u00f3n.<\/p>\n\n\n\n<p>El festival portuense recibir\u00e1 as\u00ed un aut\u00e9ntico aluvi\u00f3n de estrellas sin parang\u00f3n en nuestra geograf\u00eda, que cuenta con nombres del calibre de\u00a0<a href=\"https:\/\/open.spotify.com\/artist\/1SupJlEpv7RS2tPNRaHViT?si=59d8f3e5f3c94abe\" target=\"_blank\" rel=\"noreferrer noopener\"><strong>Nicky Jam<\/strong><\/a>,\u00a0<a href=\"https:\/\/open.spotify.com\/artist\/7iK8PXO48WeuP03g8YR51W?si=Tjn7TpGuT5yhqwWjAXxZDA\" target=\"_blank\" rel=\"noreferrer noopener\"><strong>Myke Towers<\/strong><\/a>,\u00a0<a href=\"https:\/\/open.spotify.com\/artist\/4az97MtWmBQ5Db3GfDh9j9?si=93f32ae1cca64fbe\" target=\"_blank\" rel=\"noreferrer noopener\"><strong>Morad<\/strong><\/a>,\u00a0<a href=\"https:\/\/open.spotify.com\/artist\/2R21vXR83lH98kGeO99Y66?si=_chR15zgRqKJB6GrFLBcPg\" target=\"_blank\" rel=\"noreferrer noopener\"><strong>Anuel AA<\/strong><\/a>,\u00a0<a href=\"https:\/\/open.spotify.com\/artist\/4F4pp8NUW08JuXwnoxglpN?si=c7e906dc0aba4f03\" target=\"_blank\" rel=\"noreferrer noopener\"><strong>Bad Gyal<\/strong><\/a>,\u00a0<a href=\"https:\/\/open.spotify.com\/artist\/1GDbiv3spRmZ1XdM1jQbT7?si=VrlD7easRGGnDcQQOuSt1Q\" target=\"_blank\" rel=\"noreferrer noopener\"><strong>Natti Natasha<\/strong><\/a>,\u00a0<a href=\"https:\/\/open.spotify.com\/artist\/2CCgb0KApjfQDuTppovpf8?si=d066d732d1c34695\" target=\"_blank\" rel=\"noreferrer noopener\"><strong>RVFV<\/strong><\/a>,\u00a0<a href=\"https:\/\/open.spotify.com\/artist\/6w9ToX5slZ4uIdmD17hJ3c?si=11393517d68a4422\" target=\"_blank\" rel=\"noreferrer noopener\"><strong>Bryant Myers<\/strong><\/a>,\u00a0<strong><a href=\"https:\/\/open.spotify.com\/artist\/1ackd5XprZEkH3McKbQD51\" target=\"_blank\" rel=\"noreferrer noopener\">Juan Mag\u00e1n<\/a><\/strong>,\u00a0<a href=\"https:\/\/open.spotify.com\/artist\/5XJDexmWFLWOkjOEjOVX3e?si=UrJgD9G0QSCBAKDjE8_axg\" target=\"_blank\" rel=\"noreferrer noopener\"><strong>Eladio Carri\u00f3n<\/strong><\/a>,\u00a0<a href=\"https:\/\/open.spotify.com\/artist\/4VVEpEhC8NcR7AqNEds42U?si=7be3a67102e54ca9\" target=\"_blank\" rel=\"noreferrer noopener\"><strong>Chimbala<\/strong><\/a>\u00a0o\u00a0<a href=\"https:\/\/open.spotify.com\/artist\/2p4aN0Uxkk3iT3HK0cJ2cJ?si=fb5fcb2c98e44c69\" target=\"_blank\" rel=\"noreferrer noopener\"><strong>Tokischa<\/strong><\/a>, junto a muchos m\u00e1s.<\/p>\n\n\n\n<p>Porque la cita indispensable con los ritmos latinos, los sonidos urban y el calor del reggaet\u00f3n en nuestro pa\u00eds no ha escatimado a la hora de elaborar su programaci\u00f3n, en la que tambi\u00e9n destacan valores como Ptazeta, Lola \u00cdndigo, Blessd, Lunay, Dalex, Omar Montes, Feid, L\u00e9rica, Mariah Angeliq, Nio Garcia, La Nueva Escuela, Gente de Zona y Boza, junto a las sesiones de Juacko DJ y Jose de las Heras, adem\u00e1s de los DJ&#8217;s residentes de Puro Latino.<\/p>\n\n\n\n<p>De este modo, los d\u00edas 4, 5 y 6 de agosto se suceder\u00e1 en la localidad gaditana una avalancha de emociones fuertes que tambi\u00e9n contar\u00e1 con la presencia del actor colombiano Carlos Torres, protagonista de ese \u00e9xito audiovisual a nivel mundial llamado \u00abLa reina del flow\u00bb que, por si fuera poco, ejercer\u00e1 como inmejorable maestro de ceremonias en la jornada del s\u00e1bado 6 en Puro Latino El Puerto de Santa Mar\u00eda.<\/p>\n\n\n\n<p>El&nbsp;<strong>Recinto Ferial Las Banderas<\/strong>&nbsp;de&nbsp;<strong>El Puerto de Santa Mar\u00eda<\/strong>&nbsp;se ha engalanado para la ocasi\u00f3n, y es que la localizaci\u00f3n de esta exitosa edici\u00f3n de&nbsp;<strong>Puro Latino<\/strong>&nbsp;ofrecer\u00e1 a su p\u00fablico todos los extras, para que puedan disfrutar del evento sin l\u00edmites. Facilidades como una Zona VIP, zonas Oro y Platino, photocall o un punto de suministro de agua gratuito son solo algunas de las ventajas con las que cuenta el lugar, en el que adem\u00e1s se incluye una impresionante noria, para deleite de todos los asistentes.<\/p>\n\n\n\n<p>Por eso, ya contamos las horas para dar el pistoletazo de salida a la que ser\u00e1, sin ninguna duda, la entrega m\u00e1s potente de&nbsp;<strong><a target=\"_blank\" href=\"https:\/\/purolatino.es\/cadiz\/\" rel=\"noreferrer noopener\">Puro Latino El Puerto de Santa Mar\u00eda<\/a><\/strong>. Estamos deseando disfrutar junto a todos vosotros de tres noches de ensue\u00f1o, colmadas de emociones fuertes, bailes hasta el amanecer y un ambiente inigualable que marca, como ning\u00fan otro, la vuelta a la ansiada normalidad. Te lo avisamos desde ya \u00a1Esto va a ser legendario!<\/p>\n","protected":false},"excerpt":{"rendered":"<p>Desde ma\u00f1ana jueves 4 de agosto y hasta el s\u00e1bado 6 tendr\u00e1 lugar una de las citas musicales m\u00e1s multitudinarias de nuestro pa\u00eds: la esperad\u00edsima celebraci\u00f3n de Puro Latino El Puerto de Santa Mar\u00eda. Tras colgar el cartel de &#8216;no hay billetes&#8217;, agotando todas las localidades en cada una de las modalidades disponibles, el evento [&hellip;]<\/p>\n","protected":false},"author":1,"featured_media":1063,"comment_status":"closed","ping_status":"closed","sticky":false,"template":"","format":"standard","meta":{"_jetpack_memberships_contains_paid_content":false,"footnotes":""},"categories":[3],"tags":[],"class_list":["post-1062","post","type-post","status-publish","format-standard","has-post-thumbnail","hentry","category-noticias"],"yoast_head":"<!-- This site is optimized with the Yoast SEO plugin v27.5 - https:\/\/yoast.com\/product\/yoast-seo-wordpress\/ -->\n<title>UNA FIESTA HIST\u00d3RICA - Cadiz<\/title>\n<meta name=\"robots\" content=\"index, follow, max-snippet:-1, max-image-preview:large, max-video-preview:-1\" \/>\n<link rel=\"canonical\" href=\"https:\/\/purolatino.es\/cadiz\/una-fiesta-historica\/\" \/>\n<meta property=\"og:locale\" content=\"es_ES\" \/>\n<meta property=\"og:type\" content=\"article\" \/>\n<meta property=\"og:title\" content=\"UNA FIESTA HIST\u00d3RICA - Cadiz\" \/>\n<meta property=\"og:description\" content=\"Desde ma\u00f1ana jueves 4 de agosto y hasta el s\u00e1bado 6 tendr\u00e1 lugar una de las citas musicales m\u00e1s multitudinarias de nuestro pa\u00eds: la esperad\u00edsima celebraci\u00f3n de Puro Latino El Puerto de Santa Mar\u00eda. Tras colgar el cartel de &#8216;no hay billetes&#8217;, agotando todas las localidades en cada una de las modalidades disponibles, el evento [&hellip;]\" \/>\n<meta property=\"og:url\" content=\"https:\/\/purolatino.es\/cadiz\/una-fiesta-historica\/\" \/>\n<meta property=\"og:site_name\" content=\"Cadiz\" \/>\n<meta property=\"article:published_time\" content=\"2022-08-03T12:30:02+00:00\" \/>\n<meta property=\"article:modified_time\" content=\"2022-08-03T12:30:04+00:00\" \/>\n<meta property=\"og:image\" content=\"https:\/\/purolatino.es\/cadiz\/wp-content\/uploads\/sites\/10\/2022\/08\/WhatsApp_Image_2022-08-02_at_10.17.58_AM.jpeg\" \/>\n\t<meta property=\"og:image:width\" content=\"1080\" \/>\n\t<meta property=\"og:image:height\" content=\"1080\" \/>\n\t<meta property=\"og:image:type\" content=\"image\/jpeg\" \/>\n<meta name=\"twitter:card\" content=\"summary_large_image\" \/>\n<meta name=\"twitter:label1\" content=\"Escrito por\" \/>\n\t<meta name=\"twitter:data1\" content=\"\" \/>\n\t<meta name=\"twitter:label2\" content=\"Tiempo de lectura\" \/>\n\t<meta name=\"twitter:data2\" content=\"3 minutos\" \/>\n<script type=\"application\/ld+json\" class=\"yoast-schema-graph\">{\"@context\":\"https:\\\/\\\/schema.org\",\"@graph\":[{\"@type\":\"Article\",\"@id\":\"https:\\\/\\\/purolatino.es\\\/cadiz\\\/una-fiesta-historica\\\/#article\",\"isPartOf\":{\"@id\":\"https:\\\/\\\/purolatino.es\\\/cadiz\\\/una-fiesta-historica\\\/\"},\"author\":{\"name\":\"\",\"@id\":\"\"},\"headline\":\"UNA FIESTA HIST\u00d3RICA\",\"datePublished\":\"2022-08-03T12:30:02+00:00\",\"dateModified\":\"2022-08-03T12:30:04+00:00\",\"mainEntityOfPage\":{\"@id\":\"https:\\\/\\\/purolatino.es\\\/cadiz\\\/una-fiesta-historica\\\/\"},\"wordCount\":692,\"image\":{\"@id\":\"https:\\\/\\\/purolatino.es\\\/cadiz\\\/una-fiesta-historica\\\/#primaryimage\"},\"thumbnailUrl\":\"https:\\\/\\\/purolatino.es\\\/cadiz\\\/wp-content\\\/uploads\\\/sites\\\/10\\\/2022\\\/08\\\/WhatsApp_Image_2022-08-02_at_10.17.58_AM.jpeg\",\"articleSection\":[\"noticias\"],\"inLanguage\":\"es\"},{\"@type\":\"WebPage\",\"@id\":\"https:\\\/\\\/purolatino.es\\\/cadiz\\\/una-fiesta-historica\\\/\",\"url\":\"https:\\\/\\\/purolatino.es\\\/cadiz\\\/una-fiesta-historica\\\/\",\"name\":\"UNA FIESTA HIST\u00d3RICA - Cadiz\",\"isPartOf\":{\"@id\":\"https:\\\/\\\/purolatino.es\\\/cadiz\\\/#website\"},\"primaryImageOfPage\":{\"@id\":\"https:\\\/\\\/purolatino.es\\\/cadiz\\\/una-fiesta-historica\\\/#primaryimage\"},\"image\":{\"@id\":\"https:\\\/\\\/purolatino.es\\\/cadiz\\\/una-fiesta-historica\\\/#primaryimage\"},\"thumbnailUrl\":\"https:\\\/\\\/purolatino.es\\\/cadiz\\\/wp-content\\\/uploads\\\/sites\\\/10\\\/2022\\\/08\\\/WhatsApp_Image_2022-08-02_at_10.17.58_AM.jpeg\",\"datePublished\":\"2022-08-03T12:30:02+00:00\",\"dateModified\":\"2022-08-03T12:30:04+00:00\",\"author\":{\"@id\":\"\"},\"breadcrumb\":{\"@id\":\"https:\\\/\\\/purolatino.es\\\/cadiz\\\/una-fiesta-historica\\\/#breadcrumb\"},\"inLanguage\":\"es\",\"potentialAction\":[{\"@type\":\"ReadAction\",\"target\":[\"https:\\\/\\\/purolatino.es\\\/cadiz\\\/una-fiesta-historica\\\/\"]}]},{\"@type\":\"ImageObject\",\"inLanguage\":\"es\",\"@id\":\"https:\\\/\\\/purolatino.es\\\/cadiz\\\/una-fiesta-historica\\\/#primaryimage\",\"url\":\"https:\\\/\\\/purolatino.es\\\/cadiz\\\/wp-content\\\/uploads\\\/sites\\\/10\\\/2022\\\/08\\\/WhatsApp_Image_2022-08-02_at_10.17.58_AM.jpeg\",\"contentUrl\":\"https:\\\/\\\/purolatino.es\\\/cadiz\\\/wp-content\\\/uploads\\\/sites\\\/10\\\/2022\\\/08\\\/WhatsApp_Image_2022-08-02_at_10.17.58_AM.jpeg\",\"width\":1080,\"height\":1080},{\"@type\":\"BreadcrumbList\",\"@id\":\"https:\\\/\\\/purolatino.es\\\/cadiz\\\/una-fiesta-historica\\\/#breadcrumb\",\"itemListElement\":[{\"@type\":\"ListItem\",\"position\":1,\"name\":\"Portada\",\"item\":\"https:\\\/\\\/purolatino.es\\\/cadiz\\\/\"},{\"@type\":\"ListItem\",\"position\":2,\"name\":\"UNA FIESTA HIST\u00d3RICA\"}]},{\"@type\":\"WebSite\",\"@id\":\"https:\\\/\\\/purolatino.es\\\/cadiz\\\/#website\",\"url\":\"https:\\\/\\\/purolatino.es\\\/cadiz\\\/\",\"name\":\"Cadiz\",\"description\":\"El mayor festival de reggaeton de Espa\u00f1a en el Puerto de Santa Mar\u00eda\",\"potentialAction\":[{\"@type\":\"SearchAction\",\"target\":{\"@type\":\"EntryPoint\",\"urlTemplate\":\"https:\\\/\\\/purolatino.es\\\/cadiz\\\/?s={search_term_string}\"},\"query-input\":{\"@type\":\"PropertyValueSpecification\",\"valueRequired\":true,\"valueName\":\"search_term_string\"}}],\"inLanguage\":\"es\"},{\"@type\":\"Person\",\"@id\":\"\",\"url\":\"https:\\\/\\\/purolatino.es\\\/cadiz\\\/author\\\/\"}]}<\/script>\n<!-- \/ Yoast SEO plugin. -->","yoast_head_json":{"title":"UNA FIESTA HIST\u00d3RICA - Cadiz","robots":{"index":"index","follow":"follow","max-snippet":"max-snippet:-1","max-image-preview":"max-image-preview:large","max-video-preview":"max-video-preview:-1"},"canonical":"https:\/\/purolatino.es\/cadiz\/una-fiesta-historica\/","og_locale":"es_ES","og_type":"article","og_title":"UNA FIESTA HIST\u00d3RICA - Cadiz","og_description":"Desde ma\u00f1ana jueves 4 de agosto y hasta el s\u00e1bado 6 tendr\u00e1 lugar una de las citas musicales m\u00e1s multitudinarias de nuestro pa\u00eds: la esperad\u00edsima celebraci\u00f3n de Puro Latino El Puerto de Santa Mar\u00eda. Tras colgar el cartel de &#8216;no hay billetes&#8217;, agotando todas las localidades en cada una de las modalidades disponibles, el evento [&hellip;]","og_url":"https:\/\/purolatino.es\/cadiz\/una-fiesta-historica\/","og_site_name":"Cadiz","article_published_time":"2022-08-03T12:30:02+00:00","article_modified_time":"2022-08-03T12:30:04+00:00","og_image":[{"width":1080,"height":1080,"url":"https:\/\/purolatino.es\/cadiz\/wp-content\/uploads\/sites\/10\/2022\/08\/WhatsApp_Image_2022-08-02_at_10.17.58_AM.jpeg","type":"image\/jpeg"}],"twitter_card":"summary_large_image","twitter_misc":{"Escrito por":"","Tiempo de lectura":"3 minutos"},"schema":{"@context":"https:\/\/schema.org","@graph":[{"@type":"Article","@id":"https:\/\/purolatino.es\/cadiz\/una-fiesta-historica\/#article","isPartOf":{"@id":"https:\/\/purolatino.es\/cadiz\/una-fiesta-historica\/"},"author":{"name":"","@id":""},"headline":"UNA FIESTA HIST\u00d3RICA","datePublished":"2022-08-03T12:30:02+00:00","dateModified":"2022-08-03T12:30:04+00:00","mainEntityOfPage":{"@id":"https:\/\/purolatino.es\/cadiz\/una-fiesta-historica\/"},"wordCount":692,"image":{"@id":"https:\/\/purolatino.es\/cadiz\/una-fiesta-historica\/#primaryimage"},"thumbnailUrl":"https:\/\/purolatino.es\/cadiz\/wp-content\/uploads\/sites\/10\/2022\/08\/WhatsApp_Image_2022-08-02_at_10.17.58_AM.jpeg","articleSection":["noticias"],"inLanguage":"es"},{"@type":"WebPage","@id":"https:\/\/purolatino.es\/cadiz\/una-fiesta-historica\/","url":"https:\/\/purolatino.es\/cadiz\/una-fiesta-historica\/","name":"UNA FIESTA HIST\u00d3RICA - Cadiz","isPartOf":{"@id":"https:\/\/purolatino.es\/cadiz\/#website"},"primaryImageOfPage":{"@id":"https:\/\/purolatino.es\/cadiz\/una-fiesta-historica\/#primaryimage"},"image":{"@id":"https:\/\/purolatino.es\/cadiz\/una-fiesta-historica\/#primaryimage"},"thumbnailUrl":"https:\/\/purolatino.es\/cadiz\/wp-content\/uploads\/sites\/10\/2022\/08\/WhatsApp_Image_2022-08-02_at_10.17.58_AM.jpeg","datePublished":"2022-08-03T12:30:02+00:00","dateModified":"2022-08-03T12:30:04+00:00","author":{"@id":""},"breadcrumb":{"@id":"https:\/\/purolatino.es\/cadiz\/una-fiesta-historica\/#breadcrumb"},"inLanguage":"es","potentialAction":[{"@type":"ReadAction","target":["https:\/\/purolatino.es\/cadiz\/una-fiesta-historica\/"]}]},{"@type":"ImageObject","inLanguage":"es","@id":"https:\/\/purolatino.es\/cadiz\/una-fiesta-historica\/#primaryimage","url":"https:\/\/purolatino.es\/cadiz\/wp-content\/uploads\/sites\/10\/2022\/08\/WhatsApp_Image_2022-08-02_at_10.17.58_AM.jpeg","contentUrl":"https:\/\/purolatino.es\/cadiz\/wp-content\/uploads\/sites\/10\/2022\/08\/WhatsApp_Image_2022-08-02_at_10.17.58_AM.jpeg","width":1080,"height":1080},{"@type":"BreadcrumbList","@id":"https:\/\/purolatino.es\/cadiz\/una-fiesta-historica\/#breadcrumb","itemListElement":[{"@type":"ListItem","position":1,"name":"Portada","item":"https:\/\/purolatino.es\/cadiz\/"},{"@type":"ListItem","position":2,"name":"UNA FIESTA HIST\u00d3RICA"}]},{"@type":"WebSite","@id":"https:\/\/purolatino.es\/cadiz\/#website","url":"https:\/\/purolatino.es\/cadiz\/","name":"Cadiz","description":"El mayor festival de reggaeton de Espa\u00f1a en el Puerto de Santa Mar\u00eda","potentialAction":[{"@type":"SearchAction","target":{"@type":"EntryPoint","urlTemplate":"https:\/\/purolatino.es\/cadiz\/?s={search_term_string}"},"query-input":{"@type":"PropertyValueSpecification","valueRequired":true,"valueName":"search_term_string"}}],"inLanguage":"es"},{"@type":"Person","@id":"","url":"https:\/\/purolatino.es\/cadiz\/author\/"}]}},"jetpack_featured_media_url":"https:\/\/purolatino.es\/cadiz\/wp-content\/uploads\/sites\/10\/2022\/08\/WhatsApp_Image_2022-08-02_at_10.17.58_AM.jpeg","jetpack_sharing_enabled":true,"_links":{"self":[{"href":"https:\/\/purolatino.es\/cadiz\/wp-json\/wp\/v2\/posts\/1062","targetHints":{"allow":["GET"]}}],"collection":[{"href":"https:\/\/purolatino.es\/cadiz\/wp-json\/wp\/v2\/posts"}],"about":[{"href":"https:\/\/purolatino.es\/cadiz\/wp-json\/wp\/v2\/types\/post"}],"author":[{"embeddable":true,"href":"https:\/\/purolatino.es\/cadiz\/wp-json\/wp\/v2\/users\/1"}],"replies":[{"embeddable":true,"href":"https:\/\/purolatino.es\/cadiz\/wp-json\/wp\/v2\/comments?post=1062"}],"version-history":[{"count":1,"href":"https:\/\/purolatino.es\/cadiz\/wp-json\/wp\/v2\/posts\/1062\/revisions"}],"predecessor-version":[{"id":1064,"href":"https:\/\/purolatino.es\/cadiz\/wp-json\/wp\/v2\/posts\/1062\/revisions\/1064"}],"wp:featuredmedia":[{"embeddable":true,"href":"https:\/\/purolatino.es\/cadiz\/wp-json\/wp\/v2\/media\/1063"}],"wp:attachment":[{"href":"https:\/\/purolatino.es\/cadiz\/wp-json\/wp\/v2\/media?parent=1062"}],"wp:term":[{"taxonomy":"category","embeddable":true,"href":"https:\/\/purolatino.es\/cadiz\/wp-json\/wp\/v2\/categories?post=1062"},{"taxonomy":"post_tag","embeddable":true,"href":"https:\/\/purolatino.es\/cadiz\/wp-json\/wp\/v2\/tags?post=1062"}],"curies":[{"name":"wp","href":"https:\/\/api.w.org\/{rel}","templated":true}]}}