{"id":1095,"date":"2022-08-09T16:10:44","date_gmt":"2022-08-09T16:10:44","guid":{"rendered":"https:\/\/purolatino.es\/cadiz\/?p=1095"},"modified":"2022-08-09T16:12:40","modified_gmt":"2022-08-09T16:12:40","slug":"120-000-gracias","status":"publish","type":"post","link":"https:\/\/purolatino.es\/cadiz\/120-000-gracias\/","title":{"rendered":"\u00a1120.000 GRACIAS!"},"content":{"rendered":"\n<p>Ni en nuestros mejores sue\u00f1os habr\u00edamos podido imaginar la noche que nos regal\u00f3 ayer, jueves 4 de agosto, la velada inaugural de\u00a0<strong><a href=\"https:\/\/email.cloud.secureclick.net\/c\/5540?id=6441319.17317.1.3a0d08147f527dc95348ae84b39c9910\" target=\"_blank\" rel=\"noreferrer noopener\">Puro Latino El Puerto de Santa Mar\u00eda<\/a><\/strong>. Una jornada inolvidable, marcada por la ausencia de incidentes rese\u00f1ables y un ambiente fabuloso, que alberg\u00f3 la asistencia de 40.000 personas vibrando al un\u00edsono con la banda sonora de una generaci\u00f3n.<\/p>\n\n\n\n<!--more-->\n\n\n\n<figure class=\"wp-block-image size-large\"><img loading=\"lazy\" decoding=\"async\" width=\"1024\" height=\"1024\" src=\"https:\/\/purolatino.es\/cadiz\/wp-content\/uploads\/sites\/10\/2022\/08\/11fadcf6-a8fc-4964-b39d-fd15ddbdee58-1024x1024.jpg\" alt=\"\" class=\"wp-image-1096\" srcset=\"https:\/\/purolatino.es\/cadiz\/wp-content\/uploads\/sites\/10\/2022\/08\/11fadcf6-a8fc-4964-b39d-fd15ddbdee58-1024x1024.jpg 1024w, https:\/\/purolatino.es\/cadiz\/wp-content\/uploads\/sites\/10\/2022\/08\/11fadcf6-a8fc-4964-b39d-fd15ddbdee58-300x300.jpg 300w, https:\/\/purolatino.es\/cadiz\/wp-content\/uploads\/sites\/10\/2022\/08\/11fadcf6-a8fc-4964-b39d-fd15ddbdee58-150x150.jpg 150w, https:\/\/purolatino.es\/cadiz\/wp-content\/uploads\/sites\/10\/2022\/08\/11fadcf6-a8fc-4964-b39d-fd15ddbdee58-768x768.jpg 768w, https:\/\/purolatino.es\/cadiz\/wp-content\/uploads\/sites\/10\/2022\/08\/11fadcf6-a8fc-4964-b39d-fd15ddbdee58.jpg 1080w\" sizes=\"(max-width: 1024px) 100vw, 1024px\" \/><\/figure>\n\n\n\n<p>El que se ha convertido en el festival m\u00e1s multitudinario de\u00a0<strong>Andaluc\u00eda<\/strong>arranc\u00f3 desde primera hora con un p\u00fablico entregado hasta la extenuaci\u00f3n. Asistentes que acogieron con v\u00edtores el primer concierto de la impresionante programaci\u00f3n que ten\u00eda preparada la cita portuense, protagonizado por una apasionante\u00a0<a href=\"https:\/\/email.cloud.secureclick.net\/c\/5540?id=6441319.17318.1.d8f4640e9ba9d026766bcdb6ad552d2d\" target=\"_blank\" rel=\"noreferrer noopener\"><strong>Ptazeta<\/strong><\/a>. Y eso solo era el principio: a\u00fan ten\u00edamos por delante una noche repleta de estrellas que brillaron con luz propia.<\/p>\n\n\n\n<p>Entre ellas, una juguetona&nbsp;<a target=\"_blank\" href=\"https:\/\/email.cloud.secureclick.net\/c\/5540?id=6441319.17319.1.962bdcd9c6ae5d5d77d642dfb6050c3a\" rel=\"noreferrer noopener\"><strong>Lola \u00cdndigo<\/strong><\/a>, acompa\u00f1ada por su incombustible s\u00e9quito de bailarines y bailarinas; o esa&nbsp;<a target=\"_blank\" href=\"https:\/\/email.cloud.secureclick.net\/c\/5540?id=6441319.17320.1.8f3628bb9fc8ec91cf594de394d50aa0\" rel=\"noreferrer noopener\"><strong>Tokischa<\/strong><\/a>dispuesta a subir la temperatura m\u00e1s all\u00e1 de la marcada por el term\u00f3metro, y que ofreci\u00f3 uno de los shows m\u00e1s calientes y jaleados del d\u00eda. No pod\u00edamos olvidarnos, por supuesto, del siempre infalible&nbsp;<a target=\"_blank\" href=\"https:\/\/email.cloud.secureclick.net\/c\/5540?id=6441319.17321.1.85b4f1d7acab747d46a11d319d010c97\" rel=\"noreferrer noopener\"><strong>Nicky Jam<\/strong><\/a>, que revalid\u00f3 su estatus de rey del reggaet\u00f3n con un repertorio legendario plagado de hits.<\/p>\n\n\n\n<p>Por si fuera poco, el resto de directos no desmerecieron ni un \u00e1pice: ah\u00ed estaban los imprescindibles\u00a0<a href=\"https:\/\/email.cloud.secureclick.net\/c\/5540?id=6441319.17322.1.965033bfeba658b872d24493c5845d6f\" target=\"_blank\" rel=\"noreferrer noopener\"><strong>Blessd<\/strong><\/a>,\u00a0<a href=\"https:\/\/email.cloud.secureclick.net\/c\/5540?id=6441319.17323.1.4d89d4a5d2537abbb36a1c1da2b7c97b\" target=\"_blank\" rel=\"noreferrer noopener\"><strong>Lunay<\/strong><\/a>,\u00a0<a href=\"https:\/\/email.cloud.secureclick.net\/c\/5540?id=6441319.17324.1.b53f289897bb324c5c3f35ae2b6f0a16\" target=\"_blank\" rel=\"noreferrer noopener\"><strong>Dalex<\/strong><\/a>\u00a0y\u00a0<a href=\"https:\/\/email.cloud.secureclick.net\/c\/5540?id=6441319.17325.1.d194a0241819510b43f0505d1d023725\" target=\"_blank\" rel=\"noreferrer noopener\"><strong>Bryant Myers<\/strong><\/a>, que no solo cumplieron con las expectativas, sino que las superaron con creces, ofreciendo conciertos tan contundentes como aplaudidos.\u00a0<a href=\"https:\/\/email.cloud.secureclick.net\/c\/5540?id=6441319.17326.1.f0f99ba0ca2a8e0a392a6af4fe369092\" target=\"_blank\" rel=\"noreferrer noopener\"><strong>Juacko DJ<\/strong><\/a>\u00a0se encarg\u00f3 de poner el broche de oro a la jornada con una vibrante sesi\u00f3n que nos dej\u00f3 con el mejor sabor de boca.<\/p>\n\n\n\n<p>Y a\u00fan con la adrenalina por las nubes, ya lo tenemos todo listo para gozar esta noche de viernes con una nueva tanda de brillantes shows. Recordemos, con el cartel de &#8216;no hay billetes&#8217; colgado desde hace varios d\u00edas para sus tres veladas, hoy recibiremos con honores la visita de una nueva tanda de estrellas nacionales e internacionales, encarnada en nombres tan cotizados como&nbsp;<a target=\"_blank\" href=\"https:\/\/email.cloud.secureclick.net\/c\/5540?id=6441319.17327.1.162a48c2019c04a417dbc14ee29ab88b\" rel=\"noreferrer noopener\"><strong>Morad<\/strong><\/a>,&nbsp;<a target=\"_blank\" href=\"https:\/\/email.cloud.secureclick.net\/c\/5540?id=6441319.17328.1.9a5f5d523bfb9b35f38cdde7b0a8c8b7\" rel=\"noreferrer noopener\"><strong>Anuel AA<\/strong><\/a>,&nbsp;<a target=\"_blank\" href=\"https:\/\/email.cloud.secureclick.net\/c\/5540?id=6441319.17329.1.443eacf39aa7ae83e2a7d403a3bc98cd\" rel=\"noreferrer noopener\"><strong>Bad Gyal<\/strong><\/a>,&nbsp;<a target=\"_blank\" href=\"https:\/\/email.cloud.secureclick.net\/c\/5540?id=6441319.17330.1.181be9cd368dfeaecc9ec2a141346c02\" rel=\"noreferrer noopener\"><strong>Omar Montes<\/strong><\/a>,&nbsp;<a target=\"_blank\" href=\"https:\/\/email.cloud.secureclick.net\/c\/5540?id=6441319.17331.1.c2819404532fb623710585605f595f8e\" rel=\"noreferrer noopener\"><strong>L\u00e9rica<\/strong><\/a>,&nbsp;<a target=\"_blank\" href=\"https:\/\/email.cloud.secureclick.net\/c\/5540?id=6441319.17332.1.ee72afc4ab0a1f8c54a4f346877735f5\" rel=\"noreferrer noopener\"><strong>Eladio Carri\u00f3n<\/strong><\/a>,&nbsp;<a target=\"_blank\" href=\"https:\/\/email.cloud.secureclick.net\/c\/5540?id=6441319.17333.1.edd5269cb7c4cbf48c9a8f8b14ba896d\" rel=\"noreferrer noopener\"><strong>Feid<\/strong><\/a>&nbsp;o&nbsp;<a target=\"_blank\" href=\"https:\/\/email.cloud.secureclick.net\/c\/5540?id=6441319.17334.1.0cd1a86a9e8a1ce8a4a3de1aad9a9292\" rel=\"noreferrer noopener\"><strong>Chimbala<\/strong><\/a>.<\/p>\n\n\n\n<p>Un elenco de ensue\u00f1o que ser\u00e1 recibido, a buen seguro, con el mismo entusiasmo y un ambiente tan espl\u00e9ndido como el que vivimos anoche, consolidando al festival gaditano, no solo como cita indispensable en el verano andaluz, sino tambi\u00e9n en el panorama nacional.<\/p>\n\n\n\n<p>Y si echamos la vista hacia delante, todav\u00eda nos aguarda el s\u00e1bado 6 de agosto otro aluvi\u00f3n de artistas esenciales, con referencias del calado de\u00a0<a href=\"https:\/\/email.cloud.secureclick.net\/c\/5540?id=6441319.17335.1.f9c1d195bd56fde62b78247512b74498\" target=\"_blank\" rel=\"noreferrer noopener\"><strong>Myke Towers<\/strong><\/a>,\u00a0<a href=\"https:\/\/email.cloud.secureclick.net\/c\/5540?id=6441319.17336.1.68e0dfabe3819de7b4605aa2b670bdba\" target=\"_blank\" rel=\"noreferrer noopener\"><strong>Natti Natasha<\/strong><\/a>,\u00a0<a href=\"https:\/\/email.cloud.secureclick.net\/c\/5540?id=6441319.17337.1.3d9ca7a81c79b288c3c6cd86146275a0\" target=\"_blank\" rel=\"noreferrer noopener\"><strong>Mariah Angeliq<\/strong><\/a>,\u00a0<a href=\"https:\/\/email.cloud.secureclick.net\/c\/5540?id=6441319.17338.1.b6de3b378c7d7a9ef58c6b809aa0081a\" target=\"_blank\" rel=\"noreferrer noopener\"><strong>Nio Garcia<\/strong><\/a>,\u00a0<strong><a href=\"https:\/\/email.cloud.secureclick.net\/c\/5540?id=6441319.17339.1.f483638b73ee5f0fe10e9578bf1b1256\" target=\"_blank\" rel=\"noreferrer noopener\">La Nueva Escuela<\/a><\/strong>,\u00a0<a href=\"https:\/\/email.cloud.secureclick.net\/c\/5540?id=6441319.17340.1.54c980a87331cf2eda2a32cec470d9d6\" target=\"_blank\" rel=\"noreferrer noopener\"><strong>Gente de Zona<\/strong><\/a>,\u00a0<strong><a href=\"https:\/\/email.cloud.secureclick.net\/c\/5540?id=6441319.17341.1.2c60446c5726076de2a882347f9e169c\" target=\"_blank\" rel=\"noreferrer noopener\">Boza<\/a><\/strong>\u00a0o\u00a0<a href=\"https:\/\/email.cloud.secureclick.net\/c\/5540?id=6441319.17342.1.a05dcfe125a7de2a2b525941f965dfba\" target=\"_blank\" rel=\"noreferrer noopener\"><strong>RVFV<\/strong><\/a>. Pero la cosa no termina ah\u00ed, ya que tambi\u00e9n contaremos con la presencia del actor colombiano\u00a0<strong>Carlos Torres<\/strong>, protagonista de ese \u00e9xito audiovisual a nivel mundial llamado\u00a0<strong>\u00abLa reina del flow\u00bb<\/strong>, que ejercer\u00e1 como inmejorable maestro de ceremonias.<\/p>\n\n\n\n<p>Porque la cita indispensable con los ritmos latinos, los sonidos urban y el calor del reggaet\u00f3n en nuestro pa\u00eds ya est\u00e1 haciendo historia. Y eso sucede, sobre todo, gracias a vosotros. Un p\u00fablico que ayer disfrut\u00f3 de lo lindo (y a buen seguro, hoy seguir\u00e1 haci\u00e9ndolo) del\u00a0<strong>Recinto Ferial Las Banderas<\/strong>, espacio en el que se ubica el evento. Una localizaci\u00f3n que ofrece facilidades como una Zona VIP, zonas Oro y Platino, photocall o un punto de suministro de agua gratuito, adem\u00e1s de una impresionante noria gigante.<\/p>\n\n\n\n<p>Por eso, ya contamos las horas para volver a encontrarnos con el line up m\u00e1s sensacional de sus tres ediciones hasta la fecha. Una noche de ensue\u00f1o que promete emociones fuertes a raudales y que volver\u00e1 a convertir\u00a0<strong>El Puerto de Santa Mar\u00eda<\/strong>\u00a0este verano en la capital nacional de los sonidos latinos m\u00e1s candentes. \u00a1Prep\u00e1rate para otra velada inolvidable!<\/p>\n\n\n\n<p><\/p>\n","protected":false},"excerpt":{"rendered":"<p>Ni en nuestros mejores sue\u00f1os habr\u00edamos podido imaginar la noche que nos regal\u00f3 ayer, jueves 4 de agosto, la velada inaugural de\u00a0Puro Latino El Puerto de Santa Mar\u00eda. Una jornada inolvidable, marcada por la ausencia de incidentes rese\u00f1ables y un ambiente fabuloso, que alberg\u00f3 la asistencia de 40.000 personas vibrando al un\u00edsono con la banda [&hellip;]<\/p>\n","protected":false},"author":1,"featured_media":1099,"comment_status":"closed","ping_status":"closed","sticky":false,"template":"","format":"standard","meta":{"_jetpack_memberships_contains_paid_content":false,"footnotes":""},"categories":[3],"tags":[],"class_list":["post-1095","post","type-post","status-publish","format-standard","has-post-thumbnail","hentry","category-noticias"],"yoast_head":"<!-- This site is optimized with the Yoast SEO plugin v27.5 - https:\/\/yoast.com\/product\/yoast-seo-wordpress\/ -->\n<title>\u00a1120.000 GRACIAS! - Cadiz<\/title>\n<meta name=\"robots\" content=\"index, follow, max-snippet:-1, max-image-preview:large, max-video-preview:-1\" \/>\n<link rel=\"canonical\" href=\"https:\/\/purolatino.es\/cadiz\/120-000-gracias\/\" \/>\n<meta property=\"og:locale\" content=\"es_ES\" \/>\n<meta property=\"og:type\" content=\"article\" \/>\n<meta property=\"og:title\" content=\"\u00a1120.000 GRACIAS! - Cadiz\" \/>\n<meta property=\"og:description\" content=\"Ni en nuestros mejores sue\u00f1os habr\u00edamos podido imaginar la noche que nos regal\u00f3 ayer, jueves 4 de agosto, la velada inaugural de\u00a0Puro Latino El Puerto de Santa Mar\u00eda. Una jornada inolvidable, marcada por la ausencia de incidentes rese\u00f1ables y un ambiente fabuloso, que alberg\u00f3 la asistencia de 40.000 personas vibrando al un\u00edsono con la banda [&hellip;]\" \/>\n<meta property=\"og:url\" content=\"https:\/\/purolatino.es\/cadiz\/120-000-gracias\/\" \/>\n<meta property=\"og:site_name\" content=\"Cadiz\" \/>\n<meta property=\"article:published_time\" content=\"2022-08-09T16:10:44+00:00\" \/>\n<meta property=\"article:modified_time\" content=\"2022-08-09T16:12:40+00:00\" \/>\n<meta property=\"og:image\" content=\"https:\/\/purolatino.es\/cadiz\/wp-content\/uploads\/sites\/10\/2022\/08\/WhatsApp_Image_2022-08-05_at_2.31.18_AM-1.jpeg\" \/>\n\t<meta property=\"og:image:width\" content=\"1180\" \/>\n\t<meta property=\"og:image:height\" content=\"788\" \/>\n\t<meta property=\"og:image:type\" content=\"image\/jpeg\" \/>\n<meta name=\"twitter:card\" content=\"summary_large_image\" \/>\n<meta name=\"twitter:label1\" content=\"Escrito por\" \/>\n\t<meta name=\"twitter:data1\" content=\"\" \/>\n\t<meta name=\"twitter:label2\" content=\"Tiempo de lectura\" \/>\n\t<meta name=\"twitter:data2\" content=\"3 minutos\" \/>\n<script type=\"application\/ld+json\" class=\"yoast-schema-graph\">{\"@context\":\"https:\\\/\\\/schema.org\",\"@graph\":[{\"@type\":\"Article\",\"@id\":\"https:\\\/\\\/purolatino.es\\\/cadiz\\\/120-000-gracias\\\/#article\",\"isPartOf\":{\"@id\":\"https:\\\/\\\/purolatino.es\\\/cadiz\\\/120-000-gracias\\\/\"},\"author\":{\"name\":\"\",\"@id\":\"\"},\"headline\":\"\u00a1120.000 GRACIAS!\",\"datePublished\":\"2022-08-09T16:10:44+00:00\",\"dateModified\":\"2022-08-09T16:12:40+00:00\",\"mainEntityOfPage\":{\"@id\":\"https:\\\/\\\/purolatino.es\\\/cadiz\\\/120-000-gracias\\\/\"},\"wordCount\":665,\"image\":{\"@id\":\"https:\\\/\\\/purolatino.es\\\/cadiz\\\/120-000-gracias\\\/#primaryimage\"},\"thumbnailUrl\":\"https:\\\/\\\/purolatino.es\\\/cadiz\\\/wp-content\\\/uploads\\\/sites\\\/10\\\/2022\\\/08\\\/WhatsApp_Image_2022-08-05_at_2.31.18_AM-1.jpeg\",\"articleSection\":[\"noticias\"],\"inLanguage\":\"es\"},{\"@type\":\"WebPage\",\"@id\":\"https:\\\/\\\/purolatino.es\\\/cadiz\\\/120-000-gracias\\\/\",\"url\":\"https:\\\/\\\/purolatino.es\\\/cadiz\\\/120-000-gracias\\\/\",\"name\":\"\u00a1120.000 GRACIAS! - Cadiz\",\"isPartOf\":{\"@id\":\"https:\\\/\\\/purolatino.es\\\/cadiz\\\/#website\"},\"primaryImageOfPage\":{\"@id\":\"https:\\\/\\\/purolatino.es\\\/cadiz\\\/120-000-gracias\\\/#primaryimage\"},\"image\":{\"@id\":\"https:\\\/\\\/purolatino.es\\\/cadiz\\\/120-000-gracias\\\/#primaryimage\"},\"thumbnailUrl\":\"https:\\\/\\\/purolatino.es\\\/cadiz\\\/wp-content\\\/uploads\\\/sites\\\/10\\\/2022\\\/08\\\/WhatsApp_Image_2022-08-05_at_2.31.18_AM-1.jpeg\",\"datePublished\":\"2022-08-09T16:10:44+00:00\",\"dateModified\":\"2022-08-09T16:12:40+00:00\",\"author\":{\"@id\":\"\"},\"breadcrumb\":{\"@id\":\"https:\\\/\\\/purolatino.es\\\/cadiz\\\/120-000-gracias\\\/#breadcrumb\"},\"inLanguage\":\"es\",\"potentialAction\":[{\"@type\":\"ReadAction\",\"target\":[\"https:\\\/\\\/purolatino.es\\\/cadiz\\\/120-000-gracias\\\/\"]}]},{\"@type\":\"ImageObject\",\"inLanguage\":\"es\",\"@id\":\"https:\\\/\\\/purolatino.es\\\/cadiz\\\/120-000-gracias\\\/#primaryimage\",\"url\":\"https:\\\/\\\/purolatino.es\\\/cadiz\\\/wp-content\\\/uploads\\\/sites\\\/10\\\/2022\\\/08\\\/WhatsApp_Image_2022-08-05_at_2.31.18_AM-1.jpeg\",\"contentUrl\":\"https:\\\/\\\/purolatino.es\\\/cadiz\\\/wp-content\\\/uploads\\\/sites\\\/10\\\/2022\\\/08\\\/WhatsApp_Image_2022-08-05_at_2.31.18_AM-1.jpeg\",\"width\":1180,\"height\":788},{\"@type\":\"BreadcrumbList\",\"@id\":\"https:\\\/\\\/purolatino.es\\\/cadiz\\\/120-000-gracias\\\/#breadcrumb\",\"itemListElement\":[{\"@type\":\"ListItem\",\"position\":1,\"name\":\"Portada\",\"item\":\"https:\\\/\\\/purolatino.es\\\/cadiz\\\/\"},{\"@type\":\"ListItem\",\"position\":2,\"name\":\"\u00a1120.000 GRACIAS!\"}]},{\"@type\":\"WebSite\",\"@id\":\"https:\\\/\\\/purolatino.es\\\/cadiz\\\/#website\",\"url\":\"https:\\\/\\\/purolatino.es\\\/cadiz\\\/\",\"name\":\"Cadiz\",\"description\":\"El mayor festival de reggaeton de Espa\u00f1a en el Puerto de Santa Mar\u00eda\",\"potentialAction\":[{\"@type\":\"SearchAction\",\"target\":{\"@type\":\"EntryPoint\",\"urlTemplate\":\"https:\\\/\\\/purolatino.es\\\/cadiz\\\/?s={search_term_string}\"},\"query-input\":{\"@type\":\"PropertyValueSpecification\",\"valueRequired\":true,\"valueName\":\"search_term_string\"}}],\"inLanguage\":\"es\"},{\"@type\":\"Person\",\"@id\":\"\",\"url\":\"https:\\\/\\\/purolatino.es\\\/cadiz\\\/author\\\/\"}]}<\/script>\n<!-- \/ Yoast SEO plugin. -->","yoast_head_json":{"title":"\u00a1120.000 GRACIAS! - Cadiz","robots":{"index":"index","follow":"follow","max-snippet":"max-snippet:-1","max-image-preview":"max-image-preview:large","max-video-preview":"max-video-preview:-1"},"canonical":"https:\/\/purolatino.es\/cadiz\/120-000-gracias\/","og_locale":"es_ES","og_type":"article","og_title":"\u00a1120.000 GRACIAS! - Cadiz","og_description":"Ni en nuestros mejores sue\u00f1os habr\u00edamos podido imaginar la noche que nos regal\u00f3 ayer, jueves 4 de agosto, la velada inaugural de\u00a0Puro Latino El Puerto de Santa Mar\u00eda. Una jornada inolvidable, marcada por la ausencia de incidentes rese\u00f1ables y un ambiente fabuloso, que alberg\u00f3 la asistencia de 40.000 personas vibrando al un\u00edsono con la banda [&hellip;]","og_url":"https:\/\/purolatino.es\/cadiz\/120-000-gracias\/","og_site_name":"Cadiz","article_published_time":"2022-08-09T16:10:44+00:00","article_modified_time":"2022-08-09T16:12:40+00:00","og_image":[{"width":1180,"height":788,"url":"https:\/\/purolatino.es\/cadiz\/wp-content\/uploads\/sites\/10\/2022\/08\/WhatsApp_Image_2022-08-05_at_2.31.18_AM-1.jpeg","type":"image\/jpeg"}],"twitter_card":"summary_large_image","twitter_misc":{"Escrito por":"","Tiempo de lectura":"3 minutos"},"schema":{"@context":"https:\/\/schema.org","@graph":[{"@type":"Article","@id":"https:\/\/purolatino.es\/cadiz\/120-000-gracias\/#article","isPartOf":{"@id":"https:\/\/purolatino.es\/cadiz\/120-000-gracias\/"},"author":{"name":"","@id":""},"headline":"\u00a1120.000 GRACIAS!","datePublished":"2022-08-09T16:10:44+00:00","dateModified":"2022-08-09T16:12:40+00:00","mainEntityOfPage":{"@id":"https:\/\/purolatino.es\/cadiz\/120-000-gracias\/"},"wordCount":665,"image":{"@id":"https:\/\/purolatino.es\/cadiz\/120-000-gracias\/#primaryimage"},"thumbnailUrl":"https:\/\/purolatino.es\/cadiz\/wp-content\/uploads\/sites\/10\/2022\/08\/WhatsApp_Image_2022-08-05_at_2.31.18_AM-1.jpeg","articleSection":["noticias"],"inLanguage":"es"},{"@type":"WebPage","@id":"https:\/\/purolatino.es\/cadiz\/120-000-gracias\/","url":"https:\/\/purolatino.es\/cadiz\/120-000-gracias\/","name":"\u00a1120.000 GRACIAS! - Cadiz","isPartOf":{"@id":"https:\/\/purolatino.es\/cadiz\/#website"},"primaryImageOfPage":{"@id":"https:\/\/purolatino.es\/cadiz\/120-000-gracias\/#primaryimage"},"image":{"@id":"https:\/\/purolatino.es\/cadiz\/120-000-gracias\/#primaryimage"},"thumbnailUrl":"https:\/\/purolatino.es\/cadiz\/wp-content\/uploads\/sites\/10\/2022\/08\/WhatsApp_Image_2022-08-05_at_2.31.18_AM-1.jpeg","datePublished":"2022-08-09T16:10:44+00:00","dateModified":"2022-08-09T16:12:40+00:00","author":{"@id":""},"breadcrumb":{"@id":"https:\/\/purolatino.es\/cadiz\/120-000-gracias\/#breadcrumb"},"inLanguage":"es","potentialAction":[{"@type":"ReadAction","target":["https:\/\/purolatino.es\/cadiz\/120-000-gracias\/"]}]},{"@type":"ImageObject","inLanguage":"es","@id":"https:\/\/purolatino.es\/cadiz\/120-000-gracias\/#primaryimage","url":"https:\/\/purolatino.es\/cadiz\/wp-content\/uploads\/sites\/10\/2022\/08\/WhatsApp_Image_2022-08-05_at_2.31.18_AM-1.jpeg","contentUrl":"https:\/\/purolatino.es\/cadiz\/wp-content\/uploads\/sites\/10\/2022\/08\/WhatsApp_Image_2022-08-05_at_2.31.18_AM-1.jpeg","width":1180,"height":788},{"@type":"BreadcrumbList","@id":"https:\/\/purolatino.es\/cadiz\/120-000-gracias\/#breadcrumb","itemListElement":[{"@type":"ListItem","position":1,"name":"Portada","item":"https:\/\/purolatino.es\/cadiz\/"},{"@type":"ListItem","position":2,"name":"\u00a1120.000 GRACIAS!"}]},{"@type":"WebSite","@id":"https:\/\/purolatino.es\/cadiz\/#website","url":"https:\/\/purolatino.es\/cadiz\/","name":"Cadiz","description":"El mayor festival de reggaeton de Espa\u00f1a en el Puerto de Santa Mar\u00eda","potentialAction":[{"@type":"SearchAction","target":{"@type":"EntryPoint","urlTemplate":"https:\/\/purolatino.es\/cadiz\/?s={search_term_string}"},"query-input":{"@type":"PropertyValueSpecification","valueRequired":true,"valueName":"search_term_string"}}],"inLanguage":"es"},{"@type":"Person","@id":"","url":"https:\/\/purolatino.es\/cadiz\/author\/"}]}},"jetpack_featured_media_url":"https:\/\/purolatino.es\/cadiz\/wp-content\/uploads\/sites\/10\/2022\/08\/WhatsApp_Image_2022-08-05_at_2.31.18_AM-1.jpeg","jetpack_sharing_enabled":true,"_links":{"self":[{"href":"https:\/\/purolatino.es\/cadiz\/wp-json\/wp\/v2\/posts\/1095","targetHints":{"allow":["GET"]}}],"collection":[{"href":"https:\/\/purolatino.es\/cadiz\/wp-json\/wp\/v2\/posts"}],"about":[{"href":"https:\/\/purolatino.es\/cadiz\/wp-json\/wp\/v2\/types\/post"}],"author":[{"embeddable":true,"href":"https:\/\/purolatino.es\/cadiz\/wp-json\/wp\/v2\/users\/1"}],"replies":[{"embeddable":true,"href":"https:\/\/purolatino.es\/cadiz\/wp-json\/wp\/v2\/comments?post=1095"}],"version-history":[{"count":2,"href":"https:\/\/purolatino.es\/cadiz\/wp-json\/wp\/v2\/posts\/1095\/revisions"}],"predecessor-version":[{"id":1100,"href":"https:\/\/purolatino.es\/cadiz\/wp-json\/wp\/v2\/posts\/1095\/revisions\/1100"}],"wp:featuredmedia":[{"embeddable":true,"href":"https:\/\/purolatino.es\/cadiz\/wp-json\/wp\/v2\/media\/1099"}],"wp:attachment":[{"href":"https:\/\/purolatino.es\/cadiz\/wp-json\/wp\/v2\/media?parent=1095"}],"wp:term":[{"taxonomy":"category","embeddable":true,"href":"https:\/\/purolatino.es\/cadiz\/wp-json\/wp\/v2\/categories?post=1095"},{"taxonomy":"post_tag","embeddable":true,"href":"https:\/\/purolatino.es\/cadiz\/wp-json\/wp\/v2\/tags?post=1095"}],"curies":[{"name":"wp","href":"https:\/\/api.w.org\/{rel}","templated":true}]}}