{"id":2280,"date":"2024-04-10T17:22:11","date_gmt":"2024-04-10T17:22:11","guid":{"rendered":"https:\/\/purolatino.es\/cadiz\/?p=2280"},"modified":"2024-04-10T17:22:14","modified_gmt":"2024-04-10T17:22:14","slug":"bienvenida-maria-becerra","status":"publish","type":"post","link":"https:\/\/purolatino.es\/cadiz\/bienvenida-maria-becerra\/","title":{"rendered":"\u00a1BIENVENIDA,\u00a0MAR\u00cdA BECERRA!"},"content":{"rendered":"\n<p>La argentina\u00a0<a href=\"https:\/\/email.cloud.secureclick.net\/c\/5540?id=13837657.51876.1.98603904bd0e4b70ea1b19e98acb499e\" target=\"_blank\" rel=\"noreferrer noopener\">Mar\u00eda Becerra<\/a>\u00a0es la nueva estrella internacional en incorporarse a la quinta edici\u00f3n de\u00a0<a href=\"https:\/\/email.cloud.secureclick.net\/c\/5540?id=13837657.51877.1.83d7453279a216431307ef025432d58c\" target=\"_blank\" rel=\"noreferrer noopener\"><strong>Puro Latino El Puerto de Santa Mar\u00eda Fest<\/strong><\/a>, a celebrar del 25 al 27 de julio un a\u00f1o m\u00e1s en la localidad gaditana. Una cita cada vez m\u00e1s concurrida que cuenta tambi\u00e9n, hasta el momento, con otros astros de la escena latina m\u00e1s actual como\u00a0<a href=\"https:\/\/email.cloud.secureclick.net\/c\/5540?id=13837657.51878.1.eb47d0cf90518e75e905eaa8534f4cc2\" target=\"_blank\" rel=\"noreferrer noopener\">Maluma<\/a>,\u00a0<a href=\"https:\/\/email.cloud.secureclick.net\/c\/5540?id=13837657.51879.1.883312dd7cce16e8e107499229a95cb2\" target=\"_blank\" rel=\"noreferrer noopener\">Manuel Turizo<\/a>,\u00a0<a href=\"https:\/\/email.cloud.secureclick.net\/c\/5540?id=13837657.51880.1.42c200e8288a55f0ab59600ec647d3df\" target=\"_blank\" rel=\"noreferrer noopener\">Bryant Myers<\/a>,\u00a0<a href=\"https:\/\/email.cloud.secureclick.net\/c\/5540?id=13837657.51881.1.577556d9fb5d8d94fe5a1d4f3734a7c4\" target=\"_blank\" rel=\"noreferrer noopener\">El Alfa<\/a>,\u00a0<a href=\"https:\/\/email.cloud.secureclick.net\/c\/5540?id=13837657.51882.1.6e5ecc7ebd3db2f73a5932c46ac841c0\" target=\"_blank\" rel=\"noreferrer noopener\">Dei V<\/a>,\u00a0<a href=\"https:\/\/email.cloud.secureclick.net\/c\/5540?id=13837657.51883.1.8739c8d7254cbd94a4e00742778ff8b3\" target=\"_blank\" rel=\"noreferrer noopener\">Rels B<\/a>,\u00a0<a href=\"https:\/\/email.cloud.secureclick.net\/c\/5540?id=13837657.51884.1.aeccebae21834dac54cf3107bb5a6f4c\" target=\"_blank\" rel=\"noreferrer noopener\">Yandel<\/a>,\u00a0<a href=\"https:\/\/email.cloud.secureclick.net\/c\/5540?id=13837657.51885.1.0047ef79b6cb4f0469a13803769854c0\" target=\"_blank\" rel=\"noreferrer noopener\">Saiko<\/a>,\u00a0<a href=\"https:\/\/email.cloud.secureclick.net\/c\/5540?id=13837657.51886.1.b2b732abfdc5e606256f0f1dc9c95002\" target=\"_blank\" rel=\"noreferrer noopener\">Rvfv<\/a>\u00a0y\u00a0<a href=\"https:\/\/email.cloud.secureclick.net\/c\/5540?id=13837657.51887.1.7eb3e87dbc0dc2e6523b1aac183708ef\" target=\"_blank\" rel=\"noreferrer noopener\">JC Reyes<\/a>. \u00a1Y pr\u00f3ximamente llegar\u00e1n m\u00e1s!<\/p>\n\n\n\n<!--more-->\n\n\n\n<p>Las cifras no enga\u00f1an. Y si de algo puede presumir&nbsp;<strong><a target=\"_blank\" href=\"https:\/\/email.cloud.secureclick.net\/c\/5540?id=13837657.51889.1.838218f652c0cac2e31d18ad53e5f76c\" rel=\"noreferrer noopener\">Mar\u00eda Becerra<\/a><\/strong>&nbsp;es de su cada vez m\u00e1s y m\u00e1s numerosa legi\u00f3n de fans.<\/p>\n\n\n\n<p>La argentina no es solo la primera artista de su pa\u00eds en presentarse (\u00a1y durante dos d\u00edas!) en el m\u00edtico&nbsp;<strong>Estadio River Plate<\/strong>&nbsp;de&nbsp;<strong>Buenos Aires<\/strong>. Tambi\u00e9n cuenta en la actualidad con, atenci\u00f3n, m\u00e1s de 25,4 millones de oyentes mensuales en&nbsp;<strong><a target=\"_blank\" href=\"https:\/\/email.cloud.secureclick.net\/c\/5540?id=13837657.51890.1.b8f9b62c860a7fd4d9935b2733e4081c\" rel=\"noreferrer noopener\">Spotify<\/a><\/strong>. Y su cana oficial de&nbsp;<strong><a target=\"_blank\" href=\"https:\/\/email.cloud.secureclick.net\/c\/5540?id=13837657.51891.1.b61e2f0946d8f47e505ef6a18ff4d833\" rel=\"noreferrer noopener\">Youtube<\/a><\/strong>&nbsp;atesora casi 5 millones de suscriptores y supera los 12 mil millones de visitas entre todos sus videoclips. Unas cifras de \u00f3rdago. Pero a\u00fan hay m\u00e1s: en mayo del pasado a\u00f1o, su canci\u00f3n&nbsp;<strong><a target=\"_blank\" href=\"https:\/\/email.cloud.secureclick.net\/c\/5540?id=13837657.51892.1.8dd3c176742665d9683394589de1a58d\" rel=\"noreferrer noopener\">\u00abTe cura\u00bb<\/a><\/strong>, compuesta exclusivamente para&nbsp;<strong>\u00abFAST X\u00bb<\/strong>&nbsp;(d\u00e9cima entrega de la saga&nbsp;<strong>\u00abFast and Furious\u00bb<\/strong>), super\u00f3 los 142 millones de reproducciones en las plataformas&#8230; \u00a1y sigue creciendo! Convertida pues en toda una estrella de impacto mundial,&nbsp;<strong><a target=\"_blank\" href=\"https:\/\/email.cloud.secureclick.net\/c\/5540?id=13837657.51893.1.8a60db410c0585af873382c919993d49\" rel=\"noreferrer noopener\">Mar\u00eda Becerra<\/a><\/strong>sorprendi\u00f3 el pasado verano con el lanzamiento de&nbsp;<strong><a target=\"_blank\" href=\"https:\/\/email.cloud.secureclick.net\/c\/5540?id=13837657.51894.1.09b52b04318870d370db295d002e6920\" rel=\"noreferrer noopener\">\u201cCoraz\u00f3n Vac\u00edo\u00bb<\/a><\/strong>, el tema m\u00e1s esperado por sus fans, y que pon\u00eda en evidencia la versatilidad art\u00edstica de&nbsp;<strong><a target=\"_blank\" href=\"https:\/\/email.cloud.secureclick.net\/c\/5540?id=13837657.51895.1.f0dd6d58d238504d073eb28487baf3fb\" rel=\"noreferrer noopener\">Mar\u00eda<\/a><\/strong>&nbsp;y su capacidad para establecer conexiones emocionales con sus seguidores a trav\u00e9s de la m\u00fasica.<\/p>\n\n\n\n<p>Con tales avales a sus espaldas,&nbsp;<strong><a target=\"_blank\" href=\"https:\/\/email.cloud.secureclick.net\/c\/5540?id=13837657.51896.1.40c424a9c517b9dd801c7849450e135f\" rel=\"noreferrer noopener\">Mar\u00eda Becerra<\/a><\/strong>&nbsp;tambi\u00e9n estar\u00e1 en la pr\u00f3xima y esperad\u00edsima edici\u00f3n de&nbsp;<a target=\"_blank\" href=\"https:\/\/email.cloud.secureclick.net\/c\/5540?id=13837657.51897.1.1ee3a195cf0ec0970f1a652ee429d1ee\" rel=\"noreferrer noopener\"><strong>Puro Latino El Puerto de Santa Mar\u00eda Fest<\/strong><\/a>, a celebrar del 25 al 27 de julio. Es la primera voz femenina en sumarse al evento, tras la ya anunciadas presencias de otras estrellas internacionales como&nbsp;<strong><a target=\"_blank\" href=\"https:\/\/email.cloud.secureclick.net\/c\/5540?id=13837657.51898.1.68459d9212692a787bcfce4bcf1695d1\" rel=\"noreferrer noopener\">Maluma<\/a>,&nbsp;<a target=\"_blank\" href=\"https:\/\/email.cloud.secureclick.net\/c\/5540?id=13837657.51899.1.4dabc132937401a4e7bb6aa4c352295b\" rel=\"noreferrer noopener\">Manuel Turizo<\/a>,&nbsp;<a target=\"_blank\" href=\"https:\/\/email.cloud.secureclick.net\/c\/5540?id=13837657.51900.1.a48827a459ca8d39b2bb55284f712d3c\" rel=\"noreferrer noopener\">Bryant Myers<\/a>,&nbsp;<a target=\"_blank\" href=\"https:\/\/email.cloud.secureclick.net\/c\/5540?id=13837657.51901.1.f6de887d118c83c9d32286448f46dd90\" rel=\"noreferrer noopener\">El Alfa<\/a><\/strong>&nbsp;y&nbsp;<strong><a target=\"_blank\" href=\"https:\/\/email.cloud.secureclick.net\/c\/5540?id=13837657.51902.1.ae694ddf9d84449d92d69dae7f717740\" rel=\"noreferrer noopener\">Dei V<\/a><\/strong>, y valores nacionales de la talla de&nbsp;<strong><a target=\"_blank\" href=\"https:\/\/email.cloud.secureclick.net\/c\/5540?id=13837657.51903.1.90bb36a60aaab0f55ae3585ab56b14a9\" rel=\"noreferrer noopener\">Rels B<\/a>,&nbsp;<a target=\"_blank\" href=\"https:\/\/email.cloud.secureclick.net\/c\/5540?id=13837657.51904.1.04dd9611b3418ba5c8d0d93b4a706407\" rel=\"noreferrer noopener\">Yandel<\/a>,&nbsp;<a target=\"_blank\" href=\"https:\/\/email.cloud.secureclick.net\/c\/5540?id=13837657.51905.1.3ad5f2b9b1a4d6864abe3d0bbe16bb6a\" rel=\"noreferrer noopener\">Saiko<\/a>,&nbsp;<a target=\"_blank\" href=\"https:\/\/email.cloud.secureclick.net\/c\/5540?id=13837657.51906.1.a7a251839cf21d93aedda974e892b492\" rel=\"noreferrer noopener\">Rvfv<\/a><\/strong>&nbsp;y&nbsp;<strong><a target=\"_blank\" href=\"https:\/\/email.cloud.secureclick.net\/c\/5540?id=13837657.51907.1.94701be74a108a9b64918c8814719eb1\" rel=\"noreferrer noopener\">JC Reyes<\/a><\/strong>. Un impresionante elenco que a\u00fan tiene que crecer m\u00e1s. Y que promete volver a convertir la encantadora localidad costera gaditana, un a\u00f1o m\u00e1s, en capital mundial del reggaet\u00f3n y los ritmos latinos durante tres maravillosas jornadas.<\/p>\n\n\n\n<p>Recordemos que en sus cuatro ediciones anteriores, el festival ha ido rompiendo r\u00e9cords de asistencia uno tras otro, llegando a superar el pasado verano la fabulosa cifra de 140.000 personas. Unas cifras de r\u00e9cord para una cita que se ha convertido ya, sin duda, en una de las m\u00e1s se\u00f1aladas en el calendario cultural de nuestro pa\u00eds.<\/p>\n","protected":false},"excerpt":{"rendered":"<p>La argentina\u00a0Mar\u00eda Becerra\u00a0es la nueva estrella internacional en incorporarse a la quinta edici\u00f3n de\u00a0Puro Latino El Puerto de Santa Mar\u00eda Fest, a celebrar del 25 al 27 de julio un a\u00f1o m\u00e1s en la localidad gaditana. Una cita cada vez m\u00e1s concurrida que cuenta tambi\u00e9n, hasta el momento, con otros astros de la escena latina [&hellip;]<\/p>\n","protected":false},"author":3,"featured_media":2277,"comment_status":"closed","ping_status":"closed","sticky":false,"template":"","format":"standard","meta":{"_jetpack_memberships_contains_paid_content":false,"footnotes":""},"categories":[3],"tags":[],"class_list":["post-2280","post","type-post","status-publish","format-standard","has-post-thumbnail","hentry","category-noticias"],"yoast_head":"<!-- This site is optimized with the Yoast SEO plugin v27.5 - https:\/\/yoast.com\/product\/yoast-seo-wordpress\/ -->\n<title>\u00a1BIENVENIDA,\u00a0MAR\u00cdA BECERRA! - Cadiz<\/title>\n<meta name=\"robots\" content=\"index, follow, max-snippet:-1, max-image-preview:large, max-video-preview:-1\" \/>\n<link rel=\"canonical\" href=\"https:\/\/purolatino.es\/cadiz\/bienvenida-maria-becerra\/\" \/>\n<meta property=\"og:locale\" content=\"es_ES\" \/>\n<meta property=\"og:type\" content=\"article\" \/>\n<meta property=\"og:title\" content=\"\u00a1BIENVENIDA,\u00a0MAR\u00cdA BECERRA! - Cadiz\" \/>\n<meta property=\"og:description\" content=\"La argentina\u00a0Mar\u00eda Becerra\u00a0es la nueva estrella internacional en incorporarse a la quinta edici\u00f3n de\u00a0Puro Latino El Puerto de Santa Mar\u00eda Fest, a celebrar del 25 al 27 de julio un a\u00f1o m\u00e1s en la localidad gaditana. Una cita cada vez m\u00e1s concurrida que cuenta tambi\u00e9n, hasta el momento, con otros astros de la escena latina [&hellip;]\" \/>\n<meta property=\"og:url\" content=\"https:\/\/purolatino.es\/cadiz\/bienvenida-maria-becerra\/\" \/>\n<meta property=\"og:site_name\" content=\"Cadiz\" \/>\n<meta property=\"article:published_time\" content=\"2024-04-10T17:22:11+00:00\" \/>\n<meta property=\"article:modified_time\" content=\"2024-04-10T17:22:14+00:00\" \/>\n<meta property=\"og:image\" content=\"https:\/\/purolatino.es\/cadiz\/wp-content\/uploads\/sites\/10\/2024\/04\/maria-becerra-el-puerto-de-santa-maria-puro-latino.jpeg\" \/>\n\t<meta property=\"og:image:width\" content=\"1080\" \/>\n\t<meta property=\"og:image:height\" content=\"1080\" \/>\n\t<meta property=\"og:image:type\" content=\"image\/jpeg\" \/>\n<meta name=\"author\" content=\"Puro\" \/>\n<meta name=\"twitter:card\" content=\"summary_large_image\" \/>\n<meta name=\"twitter:label1\" content=\"Escrito por\" \/>\n\t<meta name=\"twitter:data1\" content=\"Puro\" \/>\n\t<meta name=\"twitter:label2\" content=\"Tiempo de lectura\" \/>\n\t<meta name=\"twitter:data2\" content=\"3 minutos\" \/>\n<script type=\"application\/ld+json\" class=\"yoast-schema-graph\">{\"@context\":\"https:\\\/\\\/schema.org\",\"@graph\":[{\"@type\":\"Article\",\"@id\":\"https:\\\/\\\/purolatino.es\\\/cadiz\\\/bienvenida-maria-becerra\\\/#article\",\"isPartOf\":{\"@id\":\"https:\\\/\\\/purolatino.es\\\/cadiz\\\/bienvenida-maria-becerra\\\/\"},\"author\":{\"name\":\"Puro\",\"@id\":\"https:\\\/\\\/purolatino.es\\\/cadiz\\\/#\\\/schema\\\/person\\\/db5ca1e09c6d1e9103de223ec1e5a543\"},\"headline\":\"\u00a1BIENVENIDA,\u00a0MAR\u00cdA BECERRA!\",\"datePublished\":\"2024-04-10T17:22:11+00:00\",\"dateModified\":\"2024-04-10T17:22:14+00:00\",\"mainEntityOfPage\":{\"@id\":\"https:\\\/\\\/purolatino.es\\\/cadiz\\\/bienvenida-maria-becerra\\\/\"},\"wordCount\":515,\"image\":{\"@id\":\"https:\\\/\\\/purolatino.es\\\/cadiz\\\/bienvenida-maria-becerra\\\/#primaryimage\"},\"thumbnailUrl\":\"https:\\\/\\\/purolatino.es\\\/cadiz\\\/wp-content\\\/uploads\\\/sites\\\/10\\\/2024\\\/04\\\/maria-becerra-el-puerto-de-santa-maria-puro-latino.jpeg\",\"articleSection\":[\"noticias\"],\"inLanguage\":\"es\"},{\"@type\":\"WebPage\",\"@id\":\"https:\\\/\\\/purolatino.es\\\/cadiz\\\/bienvenida-maria-becerra\\\/\",\"url\":\"https:\\\/\\\/purolatino.es\\\/cadiz\\\/bienvenida-maria-becerra\\\/\",\"name\":\"\u00a1BIENVENIDA,\u00a0MAR\u00cdA BECERRA! - Cadiz\",\"isPartOf\":{\"@id\":\"https:\\\/\\\/purolatino.es\\\/cadiz\\\/#website\"},\"primaryImageOfPage\":{\"@id\":\"https:\\\/\\\/purolatino.es\\\/cadiz\\\/bienvenida-maria-becerra\\\/#primaryimage\"},\"image\":{\"@id\":\"https:\\\/\\\/purolatino.es\\\/cadiz\\\/bienvenida-maria-becerra\\\/#primaryimage\"},\"thumbnailUrl\":\"https:\\\/\\\/purolatino.es\\\/cadiz\\\/wp-content\\\/uploads\\\/sites\\\/10\\\/2024\\\/04\\\/maria-becerra-el-puerto-de-santa-maria-puro-latino.jpeg\",\"datePublished\":\"2024-04-10T17:22:11+00:00\",\"dateModified\":\"2024-04-10T17:22:14+00:00\",\"author\":{\"@id\":\"https:\\\/\\\/purolatino.es\\\/cadiz\\\/#\\\/schema\\\/person\\\/db5ca1e09c6d1e9103de223ec1e5a543\"},\"breadcrumb\":{\"@id\":\"https:\\\/\\\/purolatino.es\\\/cadiz\\\/bienvenida-maria-becerra\\\/#breadcrumb\"},\"inLanguage\":\"es\",\"potentialAction\":[{\"@type\":\"ReadAction\",\"target\":[\"https:\\\/\\\/purolatino.es\\\/cadiz\\\/bienvenida-maria-becerra\\\/\"]}]},{\"@type\":\"ImageObject\",\"inLanguage\":\"es\",\"@id\":\"https:\\\/\\\/purolatino.es\\\/cadiz\\\/bienvenida-maria-becerra\\\/#primaryimage\",\"url\":\"https:\\\/\\\/purolatino.es\\\/cadiz\\\/wp-content\\\/uploads\\\/sites\\\/10\\\/2024\\\/04\\\/maria-becerra-el-puerto-de-santa-maria-puro-latino.jpeg\",\"contentUrl\":\"https:\\\/\\\/purolatino.es\\\/cadiz\\\/wp-content\\\/uploads\\\/sites\\\/10\\\/2024\\\/04\\\/maria-becerra-el-puerto-de-santa-maria-puro-latino.jpeg\",\"width\":1080,\"height\":1080},{\"@type\":\"BreadcrumbList\",\"@id\":\"https:\\\/\\\/purolatino.es\\\/cadiz\\\/bienvenida-maria-becerra\\\/#breadcrumb\",\"itemListElement\":[{\"@type\":\"ListItem\",\"position\":1,\"name\":\"Portada\",\"item\":\"https:\\\/\\\/purolatino.es\\\/cadiz\\\/\"},{\"@type\":\"ListItem\",\"position\":2,\"name\":\"\u00a1BIENVENIDA,\u00a0MAR\u00cdA BECERRA!\"}]},{\"@type\":\"WebSite\",\"@id\":\"https:\\\/\\\/purolatino.es\\\/cadiz\\\/#website\",\"url\":\"https:\\\/\\\/purolatino.es\\\/cadiz\\\/\",\"name\":\"Cadiz\",\"description\":\"El mayor festival de reggaeton de Espa\u00f1a en el Puerto de Santa Mar\u00eda\",\"potentialAction\":[{\"@type\":\"SearchAction\",\"target\":{\"@type\":\"EntryPoint\",\"urlTemplate\":\"https:\\\/\\\/purolatino.es\\\/cadiz\\\/?s={search_term_string}\"},\"query-input\":{\"@type\":\"PropertyValueSpecification\",\"valueRequired\":true,\"valueName\":\"search_term_string\"}}],\"inLanguage\":\"es\"},{\"@type\":\"Person\",\"@id\":\"https:\\\/\\\/purolatino.es\\\/cadiz\\\/#\\\/schema\\\/person\\\/db5ca1e09c6d1e9103de223ec1e5a543\",\"name\":\"Puro\",\"url\":\"https:\\\/\\\/purolatino.es\\\/cadiz\\\/author\\\/platino\\\/\"}]}<\/script>\n<!-- \/ Yoast SEO plugin. -->","yoast_head_json":{"title":"\u00a1BIENVENIDA,\u00a0MAR\u00cdA BECERRA! - Cadiz","robots":{"index":"index","follow":"follow","max-snippet":"max-snippet:-1","max-image-preview":"max-image-preview:large","max-video-preview":"max-video-preview:-1"},"canonical":"https:\/\/purolatino.es\/cadiz\/bienvenida-maria-becerra\/","og_locale":"es_ES","og_type":"article","og_title":"\u00a1BIENVENIDA,\u00a0MAR\u00cdA BECERRA! - Cadiz","og_description":"La argentina\u00a0Mar\u00eda Becerra\u00a0es la nueva estrella internacional en incorporarse a la quinta edici\u00f3n de\u00a0Puro Latino El Puerto de Santa Mar\u00eda Fest, a celebrar del 25 al 27 de julio un a\u00f1o m\u00e1s en la localidad gaditana. Una cita cada vez m\u00e1s concurrida que cuenta tambi\u00e9n, hasta el momento, con otros astros de la escena latina [&hellip;]","og_url":"https:\/\/purolatino.es\/cadiz\/bienvenida-maria-becerra\/","og_site_name":"Cadiz","article_published_time":"2024-04-10T17:22:11+00:00","article_modified_time":"2024-04-10T17:22:14+00:00","og_image":[{"width":1080,"height":1080,"url":"https:\/\/purolatino.es\/cadiz\/wp-content\/uploads\/sites\/10\/2024\/04\/maria-becerra-el-puerto-de-santa-maria-puro-latino.jpeg","type":"image\/jpeg"}],"author":"Puro","twitter_card":"summary_large_image","twitter_misc":{"Escrito por":"Puro","Tiempo de lectura":"3 minutos"},"schema":{"@context":"https:\/\/schema.org","@graph":[{"@type":"Article","@id":"https:\/\/purolatino.es\/cadiz\/bienvenida-maria-becerra\/#article","isPartOf":{"@id":"https:\/\/purolatino.es\/cadiz\/bienvenida-maria-becerra\/"},"author":{"name":"Puro","@id":"https:\/\/purolatino.es\/cadiz\/#\/schema\/person\/db5ca1e09c6d1e9103de223ec1e5a543"},"headline":"\u00a1BIENVENIDA,\u00a0MAR\u00cdA BECERRA!","datePublished":"2024-04-10T17:22:11+00:00","dateModified":"2024-04-10T17:22:14+00:00","mainEntityOfPage":{"@id":"https:\/\/purolatino.es\/cadiz\/bienvenida-maria-becerra\/"},"wordCount":515,"image":{"@id":"https:\/\/purolatino.es\/cadiz\/bienvenida-maria-becerra\/#primaryimage"},"thumbnailUrl":"https:\/\/purolatino.es\/cadiz\/wp-content\/uploads\/sites\/10\/2024\/04\/maria-becerra-el-puerto-de-santa-maria-puro-latino.jpeg","articleSection":["noticias"],"inLanguage":"es"},{"@type":"WebPage","@id":"https:\/\/purolatino.es\/cadiz\/bienvenida-maria-becerra\/","url":"https:\/\/purolatino.es\/cadiz\/bienvenida-maria-becerra\/","name":"\u00a1BIENVENIDA,\u00a0MAR\u00cdA BECERRA! - Cadiz","isPartOf":{"@id":"https:\/\/purolatino.es\/cadiz\/#website"},"primaryImageOfPage":{"@id":"https:\/\/purolatino.es\/cadiz\/bienvenida-maria-becerra\/#primaryimage"},"image":{"@id":"https:\/\/purolatino.es\/cadiz\/bienvenida-maria-becerra\/#primaryimage"},"thumbnailUrl":"https:\/\/purolatino.es\/cadiz\/wp-content\/uploads\/sites\/10\/2024\/04\/maria-becerra-el-puerto-de-santa-maria-puro-latino.jpeg","datePublished":"2024-04-10T17:22:11+00:00","dateModified":"2024-04-10T17:22:14+00:00","author":{"@id":"https:\/\/purolatino.es\/cadiz\/#\/schema\/person\/db5ca1e09c6d1e9103de223ec1e5a543"},"breadcrumb":{"@id":"https:\/\/purolatino.es\/cadiz\/bienvenida-maria-becerra\/#breadcrumb"},"inLanguage":"es","potentialAction":[{"@type":"ReadAction","target":["https:\/\/purolatino.es\/cadiz\/bienvenida-maria-becerra\/"]}]},{"@type":"ImageObject","inLanguage":"es","@id":"https:\/\/purolatino.es\/cadiz\/bienvenida-maria-becerra\/#primaryimage","url":"https:\/\/purolatino.es\/cadiz\/wp-content\/uploads\/sites\/10\/2024\/04\/maria-becerra-el-puerto-de-santa-maria-puro-latino.jpeg","contentUrl":"https:\/\/purolatino.es\/cadiz\/wp-content\/uploads\/sites\/10\/2024\/04\/maria-becerra-el-puerto-de-santa-maria-puro-latino.jpeg","width":1080,"height":1080},{"@type":"BreadcrumbList","@id":"https:\/\/purolatino.es\/cadiz\/bienvenida-maria-becerra\/#breadcrumb","itemListElement":[{"@type":"ListItem","position":1,"name":"Portada","item":"https:\/\/purolatino.es\/cadiz\/"},{"@type":"ListItem","position":2,"name":"\u00a1BIENVENIDA,\u00a0MAR\u00cdA BECERRA!"}]},{"@type":"WebSite","@id":"https:\/\/purolatino.es\/cadiz\/#website","url":"https:\/\/purolatino.es\/cadiz\/","name":"Cadiz","description":"El mayor festival de reggaeton de Espa\u00f1a en el Puerto de Santa Mar\u00eda","potentialAction":[{"@type":"SearchAction","target":{"@type":"EntryPoint","urlTemplate":"https:\/\/purolatino.es\/cadiz\/?s={search_term_string}"},"query-input":{"@type":"PropertyValueSpecification","valueRequired":true,"valueName":"search_term_string"}}],"inLanguage":"es"},{"@type":"Person","@id":"https:\/\/purolatino.es\/cadiz\/#\/schema\/person\/db5ca1e09c6d1e9103de223ec1e5a543","name":"Puro","url":"https:\/\/purolatino.es\/cadiz\/author\/platino\/"}]}},"jetpack_featured_media_url":"https:\/\/purolatino.es\/cadiz\/wp-content\/uploads\/sites\/10\/2024\/04\/maria-becerra-el-puerto-de-santa-maria-puro-latino.jpeg","jetpack_sharing_enabled":true,"_links":{"self":[{"href":"https:\/\/purolatino.es\/cadiz\/wp-json\/wp\/v2\/posts\/2280","targetHints":{"allow":["GET"]}}],"collection":[{"href":"https:\/\/purolatino.es\/cadiz\/wp-json\/wp\/v2\/posts"}],"about":[{"href":"https:\/\/purolatino.es\/cadiz\/wp-json\/wp\/v2\/types\/post"}],"author":[{"embeddable":true,"href":"https:\/\/purolatino.es\/cadiz\/wp-json\/wp\/v2\/users\/3"}],"replies":[{"embeddable":true,"href":"https:\/\/purolatino.es\/cadiz\/wp-json\/wp\/v2\/comments?post=2280"}],"version-history":[{"count":1,"href":"https:\/\/purolatino.es\/cadiz\/wp-json\/wp\/v2\/posts\/2280\/revisions"}],"predecessor-version":[{"id":2281,"href":"https:\/\/purolatino.es\/cadiz\/wp-json\/wp\/v2\/posts\/2280\/revisions\/2281"}],"wp:featuredmedia":[{"embeddable":true,"href":"https:\/\/purolatino.es\/cadiz\/wp-json\/wp\/v2\/media\/2277"}],"wp:attachment":[{"href":"https:\/\/purolatino.es\/cadiz\/wp-json\/wp\/v2\/media?parent=2280"}],"wp:term":[{"taxonomy":"category","embeddable":true,"href":"https:\/\/purolatino.es\/cadiz\/wp-json\/wp\/v2\/categories?post=2280"},{"taxonomy":"post_tag","embeddable":true,"href":"https:\/\/purolatino.es\/cadiz\/wp-json\/wp\/v2\/tags?post=2280"}],"curies":[{"name":"wp","href":"https:\/\/api.w.org\/{rel}","templated":true}]}}