{"id":2323,"date":"2024-04-24T12:13:36","date_gmt":"2024-04-24T12:13:36","guid":{"rendered":"https:\/\/purolatino.es\/cadiz\/?p=2323"},"modified":"2024-04-24T12:13:39","modified_gmt":"2024-04-24T12:13:39","slug":"llega-morad","status":"publish","type":"post","link":"https:\/\/purolatino.es\/cadiz\/llega-morad\/","title":{"rendered":"\u00a1LLEGA\u00a0MORAD!"},"content":{"rendered":"\n<p><a href=\"https:\/\/email.cloud.secureclick.net\/c\/5540?id=13935314.52974.1.3b0c95e40782043978fdf1ae04d71bfe\" target=\"_blank\" rel=\"noreferrer noopener\">Morad<\/a>\u00a0es la nueva incorporaci\u00f3n a la cada vez m\u00e1s abultada y estelar quinta edici\u00f3n de\u00a0<a href=\"https:\/\/email.cloud.secureclick.net\/c\/5540?id=13935314.52975.1.aeae0d2ed0caad5bb35b496298337f2a\" target=\"_blank\" rel=\"noreferrer noopener\"><strong>Puro Latino El Puerto de Santa Mar\u00eda Fest<\/strong><\/a>, a celebrar del 25 al 27 de julio un a\u00f1o m\u00e1s en la localidad gaditana. Una cita que, recordemos, contaba ya hasta el momento con otros nombres tan destacados como\u00a0<a href=\"https:\/\/email.cloud.secureclick.net\/c\/5540?id=13935314.52976.1.426cf5c46d1af4e0396c15d20c026a86\" target=\"_blank\" rel=\"noreferrer noopener\">Maluma<\/a>,\u00a0<a href=\"https:\/\/email.cloud.secureclick.net\/c\/5540?id=13935314.52977.1.97b928db74f465261f0ec8cd2c2cb63f\" target=\"_blank\" rel=\"noreferrer noopener\">Anuel AA<\/a>,\u00a0<a href=\"https:\/\/email.cloud.secureclick.net\/c\/5540?id=13935314.52978.1.0ed6b09f740c956c4852e9de45e6b221\" target=\"_blank\" rel=\"noreferrer noopener\">Manuel Turizo<\/a>,\u00a0<a href=\"https:\/\/email.cloud.secureclick.net\/c\/5540?id=13935314.52979.1.a6d7bb014174c5fe305611b230666196\" target=\"_blank\" rel=\"noreferrer noopener\">Bryant Myers<\/a>,\u00a0<a href=\"https:\/\/email.cloud.secureclick.net\/c\/5540?id=13935314.52980.1.e3db991a70da53e8ba9db14be0858a92\" target=\"_blank\" rel=\"noreferrer noopener\">Gente de Zona<\/a>,\u00a0<a href=\"https:\/\/email.cloud.secureclick.net\/c\/5540?id=13935314.52981.1.ace50207bad46dc61c3e33221769fdb0\" target=\"_blank\" rel=\"noreferrer noopener\">Mar\u00eda Becerra<\/a>,\u00a0<a href=\"https:\/\/email.cloud.secureclick.net\/c\/5540?id=13935314.52982.1.4df8acdbb5c849a8ae9eb222aac4a5f7\" target=\"_blank\" rel=\"noreferrer noopener\">El Alfa<\/a>,\u00a0<a href=\"https:\/\/email.cloud.secureclick.net\/c\/5540?id=13935314.52983.1.1f35c86c28e7fb1c632e75cff321a727\" target=\"_blank\" rel=\"noreferrer noopener\">Juan Mag\u00e1n<\/a>,\u00a0<a href=\"https:\/\/email.cloud.secureclick.net\/c\/5540?id=13935314.52984.1.a46a8dec52a96d687663fb914213bf7b\" target=\"_blank\" rel=\"noreferrer noopener\">Dei V<\/a>,\u00a0<a href=\"https:\/\/email.cloud.secureclick.net\/c\/5540?id=13935314.52985.1.a4966ba2fcef6e70b97c0288d854d668\" target=\"_blank\" rel=\"noreferrer noopener\">Rels B<\/a>,\u00a0<a href=\"https:\/\/email.cloud.secureclick.net\/c\/5540?id=13935314.52986.1.c4d7bae449a10fba35d4c2c7f2059ab9\" target=\"_blank\" rel=\"noreferrer noopener\">Yandel<\/a>,\u00a0<a href=\"https:\/\/email.cloud.secureclick.net\/c\/5540?id=13935314.52987.1.b6246fb942a92006d132dcea50864fd5\" target=\"_blank\" rel=\"noreferrer noopener\">Saiko<\/a>,\u00a0<a href=\"https:\/\/email.cloud.secureclick.net\/c\/5540?id=13935314.52988.1.78f5766ddb340f488fc9af92f326aedc\" target=\"_blank\" rel=\"noreferrer noopener\">Rvfv<\/a>\u00a0y\u00a0<a href=\"https:\/\/email.cloud.secureclick.net\/c\/5540?id=13935314.52989.1.6fb8c7413ea345ae269ff729d67d03fd\" target=\"_blank\" rel=\"noreferrer noopener\">JC Reyes<\/a>. \u00a1Y pr\u00f3ximamente nuevas sorpresas!<\/p>\n\n\n\n<!--more-->\n\n\n\n<p>Nacido el 4 de marzo de 1999 en Hospitalet de Llobregat (Barcelona) y criado en el barrio de la Florida,&nbsp;<strong>Morad El Khattouti El Horami<\/strong>,&nbsp;<strong><a target=\"_blank\" href=\"https:\/\/email.cloud.secureclick.net\/c\/5540?id=13935314.52991.1.90a21fdb914eb7c74e4f11c613eb9af3\" rel=\"noreferrer noopener\">Morad<\/a><\/strong>para la escena musical, dio sus primeros pasos como rapero compartiendo canciones por Whatsapp. Hoy en d\u00eda, con 24 a\u00f1os cumplidos, puede presumir de atesorar m\u00e1s de 12 millones de oyentes en Spotify. Una carrera mete\u00f3rica que ha materializado sin apoyo de ninguna discogr\u00e1fica, ni de grandes medios o campa\u00f1as publicitarias. Pero en la que brillan con luz propia temas tan coreados como&nbsp;<strong><a target=\"_blank\" href=\"https:\/\/email.cloud.secureclick.net\/c\/5540?id=13935314.52992.1.ae3896762d7245d45bd28947046a09f5\" rel=\"noreferrer noopener\">\u00abSigue\u00bb<\/a><\/strong>,&nbsp;<strong><a target=\"_blank\" href=\"https:\/\/email.cloud.secureclick.net\/c\/5540?id=13935314.52993.1.6d0236a7ba4d15012ae307a4792a15b2\" rel=\"noreferrer noopener\">\u00abSe grita\u00bb<\/a><\/strong>,&nbsp;<strong><a target=\"_blank\" href=\"https:\/\/email.cloud.secureclick.net\/c\/5540?id=13935314.52994.1.67490f84e2fb2eda5a2c8012ccef6aed\" rel=\"noreferrer noopener\">\u00abCasablanca\u00bb<\/a><\/strong>,&nbsp;<strong><a target=\"_blank\" href=\"https:\/\/email.cloud.secureclick.net\/c\/5540?id=13935314.52995.1.3530249e1f170d6e412c938c13f3483c\" rel=\"noreferrer noopener\">\u00abYo no voy\u00bb<\/a><\/strong>&nbsp;o&nbsp;<strong><a target=\"_blank\" href=\"https:\/\/email.cloud.secureclick.net\/c\/5540?id=13935314.52996.1.11e23920af5685a0a3a05cf0eb3a638d\" rel=\"noreferrer noopener\">\u00abPelele\u00bb<\/a><\/strong>, entre otros. Atr\u00e1s quedan tambi\u00e9n logros tan destacados como su colaboraci\u00f3n con&nbsp;<strong><a target=\"_blank\" href=\"https:\/\/email.cloud.secureclick.net\/c\/5540?id=13935314.52997.1.bdd254e6f7463ff317c29b581b6102b4\" rel=\"noreferrer noopener\">Bizarrap<\/a><\/strong>&nbsp;en la&nbsp;<strong><a target=\"_blank\" href=\"https:\/\/email.cloud.secureclick.net\/c\/5540?id=13935314.52998.1.51b79205ce4a03c0cdfc1752673e7f30\" rel=\"noreferrer noopener\">\u00abBZRP Music Sessions #47\u00bb<\/a><\/strong>, que super\u00f3 los 5 millones de reproducciones en menos de 24 de horas, o la menci\u00f3n de Spotify el pasado a\u00f1o como artista emergente m\u00e1s escuchado de Espa\u00f1a en el g\u00e9nero drill.<\/p>\n\n\n\n<p>Todo un fen\u00f3meno generacional,&nbsp;<strong><a target=\"_blank\" href=\"https:\/\/email.cloud.secureclick.net\/c\/5540?id=13935314.52999.1.3334b5e7b1d15960b198471d70448982\" rel=\"noreferrer noopener\">Morad<\/a><\/strong>&nbsp;es la nueva incorporaci\u00f3n estelar a la quinta edici\u00f3n de&nbsp;<a target=\"_blank\" href=\"https:\/\/email.cloud.secureclick.net\/c\/5540?id=13935314.53000.1.d25115556d202808a78eff7355316d88\" rel=\"noreferrer noopener\"><strong>Puro Latino El Puerto de Santa Mar\u00eda Fest<\/strong><\/a>, una cita que promete superar del 25 al 27 de julio todas las expectativas depositadas en su rev\u00e1lida de \u00e9xito.<\/p>\n\n\n\n<p>Recordemos que hace apenas unos d\u00edas, este nuevo&nbsp;<a target=\"_blank\" href=\"https:\/\/email.cloud.secureclick.net\/c\/5540?id=13935314.53001.1.5ed2c8e431fde014eb7493f3b111fcdd\" rel=\"noreferrer noopener\"><strong>Puro Latino El Puerto de Santa Mar\u00eda Fest<\/strong><\/a>&nbsp;sumaba tambi\u00e9n a su ya espl\u00e9ndido cartel un triplete de a\u00fapa:&nbsp;<strong><a target=\"_blank\" href=\"https:\/\/email.cloud.secureclick.net\/c\/5540?id=13935314.53002.1.5ffbf895352a0ba050b66c9c2a7cf904\" rel=\"noreferrer noopener\">Anuel AA<\/a>,&nbsp;<a target=\"_blank\" href=\"https:\/\/email.cloud.secureclick.net\/c\/5540?id=13935314.53003.1.7dfa16286e7382a3fb2fd13d13234540\" rel=\"noreferrer noopener\">Gente de Zona<\/a><\/strong>&nbsp;y&nbsp;<strong><a target=\"_blank\" href=\"https:\/\/email.cloud.secureclick.net\/c\/5540?id=13935314.53004.1.c3d39fc5b8606aca81485f7f28afba40\" rel=\"noreferrer noopener\">Juan Mag\u00e1n<\/a><\/strong>, que se a\u00f1ad\u00edan a los ya confirmados previamente. A saber: estrellas internacionales como&nbsp;<strong><a target=\"_blank\" href=\"https:\/\/email.cloud.secureclick.net\/c\/5540?id=13935314.53005.1.d78253fb35dd0b8dad0beaf64345b386\" rel=\"noreferrer noopener\">Maluma<\/a>,&nbsp;<a target=\"_blank\" href=\"https:\/\/email.cloud.secureclick.net\/c\/5540?id=13935314.53006.1.3d295901c6fbc1c13158de4b5e83591a\" rel=\"noreferrer noopener\">Manuel Turizo<\/a>,&nbsp;<a target=\"_blank\" href=\"https:\/\/email.cloud.secureclick.net\/c\/5540?id=13935314.53007.1.75ad78be4a2a6642d288eec81d1681d2\" rel=\"noreferrer noopener\">Bryant Myers<\/a>,&nbsp;<a target=\"_blank\" href=\"https:\/\/email.cloud.secureclick.net\/c\/5540?id=13935314.53008.1.8d409279c5f25521ea6e648a3f0ffda6\" rel=\"noreferrer noopener\">Mar\u00eda Becerra<\/a>,&nbsp;<a target=\"_blank\" href=\"https:\/\/email.cloud.secureclick.net\/c\/5540?id=13935314.53009.1.503c408c90386022bdf640beeedb0938\" rel=\"noreferrer noopener\">El Alfa<\/a><\/strong>&nbsp;y&nbsp;<strong><a target=\"_blank\" href=\"https:\/\/email.cloud.secureclick.net\/c\/5540?id=13935314.53010.1.409ebf3da31d750654570bda4832518e\" rel=\"noreferrer noopener\">Dei V<\/a><\/strong>, y valores nacionales de la talla de&nbsp;<strong><a target=\"_blank\" href=\"https:\/\/email.cloud.secureclick.net\/c\/5540?id=13935314.53011.1.269348815510ad0c07abf2a4ef7a09c3\" rel=\"noreferrer noopener\">Rels B<\/a>,&nbsp;<a target=\"_blank\" href=\"https:\/\/email.cloud.secureclick.net\/c\/5540?id=13935314.53012.1.4e51ba5cb9a3c208ae635023d90b88cc\" rel=\"noreferrer noopener\">Yandel<\/a>,&nbsp;<a target=\"_blank\" href=\"https:\/\/email.cloud.secureclick.net\/c\/5540?id=13935314.53013.1.9206652239bb1dd0b6cf66b6eb672181\" rel=\"noreferrer noopener\">Saiko<\/a>,&nbsp;<a target=\"_blank\" href=\"https:\/\/email.cloud.secureclick.net\/c\/5540?id=13935314.53014.1.3895c6d6db0cce1aaab550a177a24cbe\" rel=\"noreferrer noopener\">Rvfv<\/a><\/strong>&nbsp;y&nbsp;<strong><a target=\"_blank\" href=\"https:\/\/email.cloud.secureclick.net\/c\/5540?id=13935314.53015.1.8d62cd3e13860dbbafd39cbd1747c9fc\" rel=\"noreferrer noopener\">JC Reyes<\/a><\/strong>&#8230; a los que ahora se incorpora tambi\u00e9n&nbsp;<strong><a target=\"_blank\" href=\"https:\/\/email.cloud.secureclick.net\/c\/5540?id=13935314.53016.1.7d4942c4c66fdccadd967aad8e31f74b\" rel=\"noreferrer noopener\">Morad<\/a><\/strong>, uno de los nombres m\u00e1s candentes de la escena urban en nuestro pa\u00eds.<\/p>\n\n\n\n<p>No nos cansamos de decirlo, pero es que con este impresionante cartel, y a la espera a\u00fan de pr\u00f3ximas incorporaciones, la quinta edici\u00f3n de&nbsp;<a target=\"_blank\" href=\"https:\/\/email.cloud.secureclick.net\/c\/5540?id=13935314.53017.1.b3456e77765d03255a7bfc059a13e4e9\" rel=\"noreferrer noopener\"><strong>Puro Latino El Puerto de Santa Mar\u00eda Fest<\/strong><\/a>&nbsp;apunta a lo m\u00e1s alto. Si el a\u00f1o pasado la cita congreg\u00f3 a m\u00e1s de 140.000 personas, \u00bfqu\u00e9 nos espera este pr\u00f3ximo julio? \u00a1Habr\u00e1 que ir haci\u00e9ndose hueco, sin duda!<\/p>\n","protected":false},"excerpt":{"rendered":"<p>Morad\u00a0es la nueva incorporaci\u00f3n a la cada vez m\u00e1s abultada y estelar quinta edici\u00f3n de\u00a0Puro Latino El Puerto de Santa Mar\u00eda Fest, a celebrar del 25 al 27 de julio un a\u00f1o m\u00e1s en la localidad gaditana. Una cita que, recordemos, contaba ya hasta el momento con otros nombres tan destacados como\u00a0Maluma,\u00a0Anuel AA,\u00a0Manuel Turizo,\u00a0Bryant Myers,\u00a0Gente [&hellip;]<\/p>\n","protected":false},"author":3,"featured_media":2320,"comment_status":"closed","ping_status":"closed","sticky":false,"template":"","format":"standard","meta":{"_jetpack_memberships_contains_paid_content":false,"footnotes":""},"categories":[3],"tags":[],"class_list":["post-2323","post","type-post","status-publish","format-standard","has-post-thumbnail","hentry","category-noticias"],"yoast_head":"<!-- This site is optimized with the Yoast SEO plugin v27.5 - https:\/\/yoast.com\/product\/yoast-seo-wordpress\/ -->\n<title>\u00a1LLEGA\u00a0MORAD! - Cadiz<\/title>\n<meta name=\"robots\" content=\"index, follow, max-snippet:-1, max-image-preview:large, max-video-preview:-1\" \/>\n<link rel=\"canonical\" href=\"https:\/\/purolatino.es\/cadiz\/llega-morad\/\" \/>\n<meta property=\"og:locale\" content=\"es_ES\" \/>\n<meta property=\"og:type\" content=\"article\" \/>\n<meta property=\"og:title\" content=\"\u00a1LLEGA\u00a0MORAD! - Cadiz\" \/>\n<meta property=\"og:description\" content=\"Morad\u00a0es la nueva incorporaci\u00f3n a la cada vez m\u00e1s abultada y estelar quinta edici\u00f3n de\u00a0Puro Latino El Puerto de Santa Mar\u00eda Fest, a celebrar del 25 al 27 de julio un a\u00f1o m\u00e1s en la localidad gaditana. Una cita que, recordemos, contaba ya hasta el momento con otros nombres tan destacados como\u00a0Maluma,\u00a0Anuel AA,\u00a0Manuel Turizo,\u00a0Bryant Myers,\u00a0Gente [&hellip;]\" \/>\n<meta property=\"og:url\" content=\"https:\/\/purolatino.es\/cadiz\/llega-morad\/\" \/>\n<meta property=\"og:site_name\" content=\"Cadiz\" \/>\n<meta property=\"article:published_time\" content=\"2024-04-24T12:13:36+00:00\" \/>\n<meta property=\"article:modified_time\" content=\"2024-04-24T12:13:39+00:00\" \/>\n<meta property=\"og:image\" content=\"https:\/\/purolatino.es\/cadiz\/wp-content\/uploads\/sites\/10\/2024\/04\/morad-puerto-de-santa-maria-puro-latino.jpg\" \/>\n\t<meta property=\"og:image:width\" content=\"1080\" \/>\n\t<meta property=\"og:image:height\" content=\"1080\" \/>\n\t<meta property=\"og:image:type\" content=\"image\/jpeg\" \/>\n<meta name=\"author\" content=\"Puro\" \/>\n<meta name=\"twitter:card\" content=\"summary_large_image\" \/>\n<meta name=\"twitter:label1\" content=\"Escrito por\" \/>\n\t<meta name=\"twitter:data1\" content=\"Puro\" \/>\n\t<meta name=\"twitter:label2\" content=\"Tiempo de lectura\" \/>\n\t<meta name=\"twitter:data2\" content=\"3 minutos\" \/>\n<script type=\"application\/ld+json\" class=\"yoast-schema-graph\">{\"@context\":\"https:\\\/\\\/schema.org\",\"@graph\":[{\"@type\":\"Article\",\"@id\":\"https:\\\/\\\/purolatino.es\\\/cadiz\\\/llega-morad\\\/#article\",\"isPartOf\":{\"@id\":\"https:\\\/\\\/purolatino.es\\\/cadiz\\\/llega-morad\\\/\"},\"author\":{\"name\":\"Puro\",\"@id\":\"https:\\\/\\\/purolatino.es\\\/cadiz\\\/#\\\/schema\\\/person\\\/db5ca1e09c6d1e9103de223ec1e5a543\"},\"headline\":\"\u00a1LLEGA\u00a0MORAD!\",\"datePublished\":\"2024-04-24T12:13:36+00:00\",\"dateModified\":\"2024-04-24T12:13:39+00:00\",\"mainEntityOfPage\":{\"@id\":\"https:\\\/\\\/purolatino.es\\\/cadiz\\\/llega-morad\\\/\"},\"wordCount\":509,\"image\":{\"@id\":\"https:\\\/\\\/purolatino.es\\\/cadiz\\\/llega-morad\\\/#primaryimage\"},\"thumbnailUrl\":\"https:\\\/\\\/purolatino.es\\\/cadiz\\\/wp-content\\\/uploads\\\/sites\\\/10\\\/2024\\\/04\\\/morad-puerto-de-santa-maria-puro-latino.jpg\",\"articleSection\":[\"noticias\"],\"inLanguage\":\"es\"},{\"@type\":\"WebPage\",\"@id\":\"https:\\\/\\\/purolatino.es\\\/cadiz\\\/llega-morad\\\/\",\"url\":\"https:\\\/\\\/purolatino.es\\\/cadiz\\\/llega-morad\\\/\",\"name\":\"\u00a1LLEGA\u00a0MORAD! - Cadiz\",\"isPartOf\":{\"@id\":\"https:\\\/\\\/purolatino.es\\\/cadiz\\\/#website\"},\"primaryImageOfPage\":{\"@id\":\"https:\\\/\\\/purolatino.es\\\/cadiz\\\/llega-morad\\\/#primaryimage\"},\"image\":{\"@id\":\"https:\\\/\\\/purolatino.es\\\/cadiz\\\/llega-morad\\\/#primaryimage\"},\"thumbnailUrl\":\"https:\\\/\\\/purolatino.es\\\/cadiz\\\/wp-content\\\/uploads\\\/sites\\\/10\\\/2024\\\/04\\\/morad-puerto-de-santa-maria-puro-latino.jpg\",\"datePublished\":\"2024-04-24T12:13:36+00:00\",\"dateModified\":\"2024-04-24T12:13:39+00:00\",\"author\":{\"@id\":\"https:\\\/\\\/purolatino.es\\\/cadiz\\\/#\\\/schema\\\/person\\\/db5ca1e09c6d1e9103de223ec1e5a543\"},\"breadcrumb\":{\"@id\":\"https:\\\/\\\/purolatino.es\\\/cadiz\\\/llega-morad\\\/#breadcrumb\"},\"inLanguage\":\"es\",\"potentialAction\":[{\"@type\":\"ReadAction\",\"target\":[\"https:\\\/\\\/purolatino.es\\\/cadiz\\\/llega-morad\\\/\"]}]},{\"@type\":\"ImageObject\",\"inLanguage\":\"es\",\"@id\":\"https:\\\/\\\/purolatino.es\\\/cadiz\\\/llega-morad\\\/#primaryimage\",\"url\":\"https:\\\/\\\/purolatino.es\\\/cadiz\\\/wp-content\\\/uploads\\\/sites\\\/10\\\/2024\\\/04\\\/morad-puerto-de-santa-maria-puro-latino.jpg\",\"contentUrl\":\"https:\\\/\\\/purolatino.es\\\/cadiz\\\/wp-content\\\/uploads\\\/sites\\\/10\\\/2024\\\/04\\\/morad-puerto-de-santa-maria-puro-latino.jpg\",\"width\":1080,\"height\":1080},{\"@type\":\"BreadcrumbList\",\"@id\":\"https:\\\/\\\/purolatino.es\\\/cadiz\\\/llega-morad\\\/#breadcrumb\",\"itemListElement\":[{\"@type\":\"ListItem\",\"position\":1,\"name\":\"Portada\",\"item\":\"https:\\\/\\\/purolatino.es\\\/cadiz\\\/\"},{\"@type\":\"ListItem\",\"position\":2,\"name\":\"\u00a1LLEGA\u00a0MORAD!\"}]},{\"@type\":\"WebSite\",\"@id\":\"https:\\\/\\\/purolatino.es\\\/cadiz\\\/#website\",\"url\":\"https:\\\/\\\/purolatino.es\\\/cadiz\\\/\",\"name\":\"Cadiz\",\"description\":\"El mayor festival de reggaeton de Espa\u00f1a en el Puerto de Santa Mar\u00eda\",\"potentialAction\":[{\"@type\":\"SearchAction\",\"target\":{\"@type\":\"EntryPoint\",\"urlTemplate\":\"https:\\\/\\\/purolatino.es\\\/cadiz\\\/?s={search_term_string}\"},\"query-input\":{\"@type\":\"PropertyValueSpecification\",\"valueRequired\":true,\"valueName\":\"search_term_string\"}}],\"inLanguage\":\"es\"},{\"@type\":\"Person\",\"@id\":\"https:\\\/\\\/purolatino.es\\\/cadiz\\\/#\\\/schema\\\/person\\\/db5ca1e09c6d1e9103de223ec1e5a543\",\"name\":\"Puro\",\"url\":\"https:\\\/\\\/purolatino.es\\\/cadiz\\\/author\\\/platino\\\/\"}]}<\/script>\n<!-- \/ Yoast SEO plugin. -->","yoast_head_json":{"title":"\u00a1LLEGA\u00a0MORAD! - Cadiz","robots":{"index":"index","follow":"follow","max-snippet":"max-snippet:-1","max-image-preview":"max-image-preview:large","max-video-preview":"max-video-preview:-1"},"canonical":"https:\/\/purolatino.es\/cadiz\/llega-morad\/","og_locale":"es_ES","og_type":"article","og_title":"\u00a1LLEGA\u00a0MORAD! - Cadiz","og_description":"Morad\u00a0es la nueva incorporaci\u00f3n a la cada vez m\u00e1s abultada y estelar quinta edici\u00f3n de\u00a0Puro Latino El Puerto de Santa Mar\u00eda Fest, a celebrar del 25 al 27 de julio un a\u00f1o m\u00e1s en la localidad gaditana. Una cita que, recordemos, contaba ya hasta el momento con otros nombres tan destacados como\u00a0Maluma,\u00a0Anuel AA,\u00a0Manuel Turizo,\u00a0Bryant Myers,\u00a0Gente [&hellip;]","og_url":"https:\/\/purolatino.es\/cadiz\/llega-morad\/","og_site_name":"Cadiz","article_published_time":"2024-04-24T12:13:36+00:00","article_modified_time":"2024-04-24T12:13:39+00:00","og_image":[{"width":1080,"height":1080,"url":"https:\/\/purolatino.es\/cadiz\/wp-content\/uploads\/sites\/10\/2024\/04\/morad-puerto-de-santa-maria-puro-latino.jpg","type":"image\/jpeg"}],"author":"Puro","twitter_card":"summary_large_image","twitter_misc":{"Escrito por":"Puro","Tiempo de lectura":"3 minutos"},"schema":{"@context":"https:\/\/schema.org","@graph":[{"@type":"Article","@id":"https:\/\/purolatino.es\/cadiz\/llega-morad\/#article","isPartOf":{"@id":"https:\/\/purolatino.es\/cadiz\/llega-morad\/"},"author":{"name":"Puro","@id":"https:\/\/purolatino.es\/cadiz\/#\/schema\/person\/db5ca1e09c6d1e9103de223ec1e5a543"},"headline":"\u00a1LLEGA\u00a0MORAD!","datePublished":"2024-04-24T12:13:36+00:00","dateModified":"2024-04-24T12:13:39+00:00","mainEntityOfPage":{"@id":"https:\/\/purolatino.es\/cadiz\/llega-morad\/"},"wordCount":509,"image":{"@id":"https:\/\/purolatino.es\/cadiz\/llega-morad\/#primaryimage"},"thumbnailUrl":"https:\/\/purolatino.es\/cadiz\/wp-content\/uploads\/sites\/10\/2024\/04\/morad-puerto-de-santa-maria-puro-latino.jpg","articleSection":["noticias"],"inLanguage":"es"},{"@type":"WebPage","@id":"https:\/\/purolatino.es\/cadiz\/llega-morad\/","url":"https:\/\/purolatino.es\/cadiz\/llega-morad\/","name":"\u00a1LLEGA\u00a0MORAD! - Cadiz","isPartOf":{"@id":"https:\/\/purolatino.es\/cadiz\/#website"},"primaryImageOfPage":{"@id":"https:\/\/purolatino.es\/cadiz\/llega-morad\/#primaryimage"},"image":{"@id":"https:\/\/purolatino.es\/cadiz\/llega-morad\/#primaryimage"},"thumbnailUrl":"https:\/\/purolatino.es\/cadiz\/wp-content\/uploads\/sites\/10\/2024\/04\/morad-puerto-de-santa-maria-puro-latino.jpg","datePublished":"2024-04-24T12:13:36+00:00","dateModified":"2024-04-24T12:13:39+00:00","author":{"@id":"https:\/\/purolatino.es\/cadiz\/#\/schema\/person\/db5ca1e09c6d1e9103de223ec1e5a543"},"breadcrumb":{"@id":"https:\/\/purolatino.es\/cadiz\/llega-morad\/#breadcrumb"},"inLanguage":"es","potentialAction":[{"@type":"ReadAction","target":["https:\/\/purolatino.es\/cadiz\/llega-morad\/"]}]},{"@type":"ImageObject","inLanguage":"es","@id":"https:\/\/purolatino.es\/cadiz\/llega-morad\/#primaryimage","url":"https:\/\/purolatino.es\/cadiz\/wp-content\/uploads\/sites\/10\/2024\/04\/morad-puerto-de-santa-maria-puro-latino.jpg","contentUrl":"https:\/\/purolatino.es\/cadiz\/wp-content\/uploads\/sites\/10\/2024\/04\/morad-puerto-de-santa-maria-puro-latino.jpg","width":1080,"height":1080},{"@type":"BreadcrumbList","@id":"https:\/\/purolatino.es\/cadiz\/llega-morad\/#breadcrumb","itemListElement":[{"@type":"ListItem","position":1,"name":"Portada","item":"https:\/\/purolatino.es\/cadiz\/"},{"@type":"ListItem","position":2,"name":"\u00a1LLEGA\u00a0MORAD!"}]},{"@type":"WebSite","@id":"https:\/\/purolatino.es\/cadiz\/#website","url":"https:\/\/purolatino.es\/cadiz\/","name":"Cadiz","description":"El mayor festival de reggaeton de Espa\u00f1a en el Puerto de Santa Mar\u00eda","potentialAction":[{"@type":"SearchAction","target":{"@type":"EntryPoint","urlTemplate":"https:\/\/purolatino.es\/cadiz\/?s={search_term_string}"},"query-input":{"@type":"PropertyValueSpecification","valueRequired":true,"valueName":"search_term_string"}}],"inLanguage":"es"},{"@type":"Person","@id":"https:\/\/purolatino.es\/cadiz\/#\/schema\/person\/db5ca1e09c6d1e9103de223ec1e5a543","name":"Puro","url":"https:\/\/purolatino.es\/cadiz\/author\/platino\/"}]}},"jetpack_featured_media_url":"https:\/\/purolatino.es\/cadiz\/wp-content\/uploads\/sites\/10\/2024\/04\/morad-puerto-de-santa-maria-puro-latino.jpg","jetpack_sharing_enabled":true,"_links":{"self":[{"href":"https:\/\/purolatino.es\/cadiz\/wp-json\/wp\/v2\/posts\/2323","targetHints":{"allow":["GET"]}}],"collection":[{"href":"https:\/\/purolatino.es\/cadiz\/wp-json\/wp\/v2\/posts"}],"about":[{"href":"https:\/\/purolatino.es\/cadiz\/wp-json\/wp\/v2\/types\/post"}],"author":[{"embeddable":true,"href":"https:\/\/purolatino.es\/cadiz\/wp-json\/wp\/v2\/users\/3"}],"replies":[{"embeddable":true,"href":"https:\/\/purolatino.es\/cadiz\/wp-json\/wp\/v2\/comments?post=2323"}],"version-history":[{"count":1,"href":"https:\/\/purolatino.es\/cadiz\/wp-json\/wp\/v2\/posts\/2323\/revisions"}],"predecessor-version":[{"id":2324,"href":"https:\/\/purolatino.es\/cadiz\/wp-json\/wp\/v2\/posts\/2323\/revisions\/2324"}],"wp:featuredmedia":[{"embeddable":true,"href":"https:\/\/purolatino.es\/cadiz\/wp-json\/wp\/v2\/media\/2320"}],"wp:attachment":[{"href":"https:\/\/purolatino.es\/cadiz\/wp-json\/wp\/v2\/media?parent=2323"}],"wp:term":[{"taxonomy":"category","embeddable":true,"href":"https:\/\/purolatino.es\/cadiz\/wp-json\/wp\/v2\/categories?post=2323"},{"taxonomy":"post_tag","embeddable":true,"href":"https:\/\/purolatino.es\/cadiz\/wp-json\/wp\/v2\/tags?post=2323"}],"curies":[{"name":"wp","href":"https:\/\/api.w.org\/{rel}","templated":true}]}}