{"id":2360,"date":"2024-05-17T17:19:57","date_gmt":"2024-05-17T17:19:57","guid":{"rendered":"https:\/\/purolatino.es\/cadiz\/?p=2360"},"modified":"2024-05-17T17:20:22","modified_gmt":"2024-05-17T17:20:22","slug":"cuenta-atras-2","status":"publish","type":"post","link":"https:\/\/purolatino.es\/cadiz\/cuenta-atras-2\/","title":{"rendered":"\u00a1CUENTA ATR\u00c1S!"},"content":{"rendered":"\n<p>Ya queda menos para que comience la pr\u00f3xima edici\u00f3n de\u00a0<a href=\"https:\/\/email.cloud.secureclick.net\/c\/5540?id=14151467.54913.1.57b92ea102c80afbf89447b3d415023b\" target=\"_blank\" rel=\"noreferrer noopener\"><strong>Puro Latino El Puerto de Santa Mar\u00eda Fest<\/strong><\/a>y nosotros contamos las horas que nos separan de la fiesta del verano los pr\u00f3ximos 25, 26 y 27 de julio, y de poder disfrutar de los directos de nombres del calibre de\u00a0<a href=\"https:\/\/email.cloud.secureclick.net\/c\/5540?id=14151467.54914.1.c16ed481b65f8e180e9b9dd63f44e64e\" target=\"_blank\" rel=\"noreferrer noopener\">Anuel AA<\/a>,\u00a0<a href=\"https:\/\/email.cloud.secureclick.net\/c\/5540?id=14151467.54915.1.cd173edad3b43d89d50dd3c7b2698c0e\" target=\"_blank\" rel=\"noreferrer noopener\">Maluma<\/a>,\u00a0<a href=\"https:\/\/email.cloud.secureclick.net\/c\/5540?id=14151467.54916.1.120fc15ab39a06a8bcfadab6e3189115\" target=\"_blank\" rel=\"noreferrer noopener\">Mar\u00eda Becerra<\/a>,\u00a0<a href=\"https:\/\/email.cloud.secureclick.net\/c\/5540?id=14151467.54917.1.99d3943a524d23184886cde9de946149\" target=\"_blank\" rel=\"noreferrer noopener\">Saiko<\/a>\u00a0y muchos m\u00e1s. Mientras tanto, te recordamos que ya est\u00e1 disponible la programaci\u00f3n por d\u00edas y sus correspondientes entradas, una gran noticia que nos permitir\u00e1 organizarnos para no perdernos a ninguno de nuestros artistas favoritos.<\/p>\n\n\n\n<!--more-->\n\n\n\n<p><a href=\"https:\/\/email.cloud.secureclick.net\/c\/5540?id=14151467.54919.1.5adf7cd8609cba54645792ebe2886213\" target=\"_blank\" rel=\"noreferrer noopener\"><strong>Puro Latino El Puerto de Santa Mar\u00eda Fest<\/strong><\/a>: promete ser, en su quinta edici\u00f3n, una de las sensaciones del a\u00f1o en la temporada de festivales de la provincia gaditana. Convertido por m\u00e9ritos propios en la cita indispensable con los ritmos latinos, los sonidos urban y el calor del reggaet\u00f3n en nuestro pa\u00eds,\u00a0<a href=\"https:\/\/email.cloud.secureclick.net\/c\/5540?id=14151467.54920.1.7df68fa652c5ecc139f00079cef2e9ae\" target=\"_blank\" rel=\"noreferrer noopener\"><strong>Puro Latino El Puerto de Santa Mar\u00eda Fest<\/strong><\/a>volver\u00e1 a arrasar los pr\u00f3ximos 25, 26 y 27 de julio en el municipio que lo vi\u00f3 nacer.<\/p>\n\n\n\n<p>Comenzaremos el jueves 25 de julio con las chispeantes presencias del puertorrique\u00f1o\u00a0<a href=\"https:\/\/email.cloud.secureclick.net\/c\/5540?id=14151467.54921.1.d71e3de5d40626404b84800f6b8bd6b0\" target=\"_blank\" rel=\"noreferrer noopener\"><strong>Maluma<\/strong><\/a>, las pegadizas canciones de\u00a0<a href=\"https:\/\/email.cloud.secureclick.net\/c\/5540?id=14151467.54922.1.ad5e867f5efaf3541ec136a3b1b6eeda\" target=\"_blank\" rel=\"noreferrer noopener\"><strong>Manuel Turizo<\/strong><\/a>, nuestra estrella internacional\u00a0<a href=\"https:\/\/email.cloud.secureclick.net\/c\/5540?id=14151467.54923.1.c5f23575cece5c7c4154eafa9e64bd8f\" target=\"_blank\" rel=\"noreferrer noopener\"><strong>Rels B<\/strong><\/a>, la leyenda de\u00a0<a href=\"https:\/\/email.cloud.secureclick.net\/c\/5540?id=14151467.54924.1.195fd2b42ddf563577779d298e081a8b\" target=\"_blank\" rel=\"noreferrer noopener\"><strong>Yandel<\/strong><\/a>, el puertorrique\u00f1o\u00a0<a href=\"https:\/\/email.cloud.secureclick.net\/c\/5540?id=14151467.54925.1.0fcefd31b475f2620b39acda82b86c84\" target=\"_blank\" rel=\"noreferrer noopener\"><strong>Lunay<\/strong><\/a>, la consolidada\u00a0<a href=\"https:\/\/email.cloud.secureclick.net\/c\/5540?id=14151467.54926.1.01064c0a93ebe308c30b1470d418e715\" target=\"_blank\" rel=\"noreferrer noopener\"><strong>Mar\u00eda Becerra<\/strong><\/a>, el joven\u00a0<a href=\"https:\/\/email.cloud.secureclick.net\/c\/5540?id=14151467.54927.1.e29b5ad3acd9d63f94a80d8416cd9d9a\" target=\"_blank\" rel=\"noreferrer noopener\"><strong>Cris Mj<\/strong><\/a><strong>\u00a0y\u00a0<\/strong><a href=\"https:\/\/email.cloud.secureclick.net\/c\/5540?id=14151467.54928.1.28e907d8c0373743d02fed2b184d238c\" target=\"_blank\" rel=\"noreferrer noopener\">Vilu Gontero<\/a>\u00a0en la cabina.<\/p>\n\n\n\n<p>Y seguiremos la fiesta el viernes 26 de julio con las actuaciones de alto voltaje del irrepetible\u00a0<a href=\"https:\/\/email.cloud.secureclick.net\/c\/5540?id=14151467.54929.1.e5c1c72406992bec6bc67b6efec64a92\" target=\"_blank\" rel=\"noreferrer noopener\"><strong>Anuel AA<\/strong><\/a>,\u00a0<a href=\"https:\/\/email.cloud.secureclick.net\/c\/5540?id=14151467.54930.1.4daa8a4c358f6473f3f1dfa554e2fa9d\" target=\"_blank\" rel=\"noreferrer noopener\"><strong>Bryant Myers<\/strong><\/a>\u00a0el chamaquito, el pap\u00e1 del dembow\u00a0<a href=\"https:\/\/email.cloud.secureclick.net\/c\/5540?id=14151467.54931.1.5e59ea1639535ddd57e61d8b950b6d19\" target=\"_blank\" rel=\"noreferrer noopener\"><strong>El Alfa<\/strong><\/a>, el explosivo\u00a0<a href=\"https:\/\/email.cloud.secureclick.net\/c\/5540?id=14151467.54932.1.6305f6902da8ce8825c639aebae10537\" target=\"_blank\" rel=\"noreferrer noopener\"><strong>JC Reyes<\/strong><\/a>, el calor de\u00a0<a href=\"https:\/\/email.cloud.secureclick.net\/c\/5540?id=14151467.54933.1.7c698b34b34489a937f61bab74c82bec\" target=\"_blank\" rel=\"noreferrer noopener\"><strong>Dei V<\/strong><\/a>,\u00a0<a href=\"https:\/\/email.cloud.secureclick.net\/c\/5540?id=14151467.54934.1.e3cfc5005713de2e58bb687e43d029f5\" target=\"_blank\" rel=\"noreferrer noopener\"><strong>Jose de las Heras<\/strong><\/a>\u00a0a los platos y Los Marcianos (<a href=\"https:\/\/email.cloud.secureclick.net\/c\/5540?id=14151467.54935.1.8d3e23566bbccbd576ba3ddf55add28a\" target=\"_blank\" rel=\"noreferrer noopener\"><strong>Chris Jedi<\/strong><\/a>\u00a0y\u00a0<a href=\"https:\/\/email.cloud.secureclick.net\/c\/5540?id=14151467.54936.1.cb1d22d9f51e3e99949ef152bcde2a6c\" target=\"_blank\" rel=\"noreferrer noopener\"><strong>Gaby Music<\/strong><\/a>).<\/p>\n\n\n\n<p>Y culminaremos el festival por todo la alto el \u00faltimo d\u00eda, s\u00e1bado 27 de julio, con la presencia en el escenario del granadino&nbsp;<a target=\"_blank\" href=\"https:\/\/email.cloud.secureclick.net\/c\/5540?id=14151467.54937.1.feaa90bc85cc65fd53b8663dd159911f\" rel=\"noreferrer noopener\"><strong>Saiko<\/strong><\/a>, los ritmos fren\u00e9ticos de&nbsp;<a target=\"_blank\" href=\"https:\/\/email.cloud.secureclick.net\/c\/5540?id=14151467.54938.1.4088768ed1a55ed78bb2ad1f48118035\" rel=\"noreferrer noopener\"><strong>Morad<\/strong><\/a>, el desparpajo de&nbsp;<a target=\"_blank\" href=\"https:\/\/email.cloud.secureclick.net\/c\/5540?id=14151467.54939.1.8fd3d6c6487acac031fde3511b8e1458\" rel=\"noreferrer noopener\"><strong>Rvfv<\/strong><\/a>, los cl\u00e1sicos de&nbsp;<a target=\"_blank\" href=\"https:\/\/email.cloud.secureclick.net\/c\/5540?id=14151467.54940.1.2a7aa444099d1cd18a81d0319cbb05c8\" rel=\"noreferrer noopener\"><strong>Gente de Zona<\/strong><\/a>, el veterano&nbsp;<a target=\"_blank\" href=\"https:\/\/email.cloud.secureclick.net\/c\/5540?id=14151467.54941.1.ca55810cec32177e00e043a6f9097f5d\" rel=\"noreferrer noopener\"><strong>Juan Mag\u00e1n<\/strong><\/a>, el colombiano&nbsp;<a target=\"_blank\" href=\"https:\/\/email.cloud.secureclick.net\/c\/5540?id=14151467.54942.1.cf8041be2a13729a5832e1b813403ada\" rel=\"noreferrer noopener\"><strong>Be\u00e9le<\/strong><\/a>&nbsp;y&nbsp;<a target=\"_blank\" href=\"https:\/\/email.cloud.secureclick.net\/c\/5540?id=14151467.54943.1.31837ce1d0a9eb4c9f08af5434e36f75\" rel=\"noreferrer noopener\"><strong>Raul Clyde<\/strong><\/a>&nbsp;representando la nueva era.<\/p>\n\n\n\n<p>Quedan apenas dos meses para que el suelo de El Puerto de Santa Mar\u00eda vibre a ritmo de urban latino. En su quinta edici\u00f3n,&nbsp;<a target=\"_blank\" href=\"https:\/\/email.cloud.secureclick.net\/c\/5540?id=14151467.54944.1.0328987d0a5b5de6cfe1c49189d2e76c\" rel=\"noreferrer noopener\"><strong>Puro Latino El Puerto de Santa Mar\u00eda Fest<\/strong><\/a>&nbsp;logr\u00f3 convocar a m\u00e1s de 140.000 asistentes. \u00bfCu\u00e1ntas personas se reunir\u00e1n en esta ocasi\u00f3n?<\/p>\n\n\n\n<p>Con tres d\u00edas as\u00ed, es a todas luces obvio que las entradas y los abonos van a volar. \u00bfA qu\u00e9 esperas para adquirir la tuya?<\/p>\n","protected":false},"excerpt":{"rendered":"<p>Ya queda menos para que comience la pr\u00f3xima edici\u00f3n de\u00a0Puro Latino El Puerto de Santa Mar\u00eda Festy nosotros contamos las horas que nos separan de la fiesta del verano los pr\u00f3ximos 25, 26 y 27 de julio, y de poder disfrutar de los directos de nombres del calibre de\u00a0Anuel AA,\u00a0Maluma,\u00a0Mar\u00eda Becerra,\u00a0Saiko\u00a0y muchos m\u00e1s. Mientras tanto, [&hellip;]<\/p>\n","protected":false},"author":3,"featured_media":2356,"comment_status":"closed","ping_status":"closed","sticky":false,"template":"","format":"standard","meta":{"_jetpack_memberships_contains_paid_content":false,"footnotes":""},"categories":[3],"tags":[],"class_list":["post-2360","post","type-post","status-publish","format-standard","has-post-thumbnail","hentry","category-noticias"],"yoast_head":"<!-- This site is optimized with the Yoast SEO plugin v27.5 - https:\/\/yoast.com\/product\/yoast-seo-wordpress\/ -->\n<title>\u00a1CUENTA ATR\u00c1S! - Cadiz<\/title>\n<meta name=\"robots\" content=\"index, follow, max-snippet:-1, max-image-preview:large, max-video-preview:-1\" \/>\n<link rel=\"canonical\" href=\"https:\/\/purolatino.es\/cadiz\/cuenta-atras-2\/\" \/>\n<meta property=\"og:locale\" content=\"es_ES\" \/>\n<meta property=\"og:type\" content=\"article\" \/>\n<meta property=\"og:title\" content=\"\u00a1CUENTA ATR\u00c1S! - Cadiz\" \/>\n<meta property=\"og:description\" content=\"Ya queda menos para que comience la pr\u00f3xima edici\u00f3n de\u00a0Puro Latino El Puerto de Santa Mar\u00eda Festy nosotros contamos las horas que nos separan de la fiesta del verano los pr\u00f3ximos 25, 26 y 27 de julio, y de poder disfrutar de los directos de nombres del calibre de\u00a0Anuel AA,\u00a0Maluma,\u00a0Mar\u00eda Becerra,\u00a0Saiko\u00a0y muchos m\u00e1s. Mientras tanto, [&hellip;]\" \/>\n<meta property=\"og:url\" content=\"https:\/\/purolatino.es\/cadiz\/cuenta-atras-2\/\" \/>\n<meta property=\"og:site_name\" content=\"Cadiz\" \/>\n<meta property=\"article:published_time\" content=\"2024-05-17T17:19:57+00:00\" \/>\n<meta property=\"article:modified_time\" content=\"2024-05-17T17:20:22+00:00\" \/>\n<meta property=\"og:image\" content=\"https:\/\/purolatino.es\/cadiz\/wp-content\/uploads\/sites\/10\/2024\/05\/cartel-por-dias-puro-latino-puerto-de-santa-maria.jpeg\" \/>\n\t<meta property=\"og:image:width\" content=\"1080\" \/>\n\t<meta property=\"og:image:height\" content=\"1080\" \/>\n\t<meta property=\"og:image:type\" content=\"image\/jpeg\" \/>\n<meta name=\"author\" content=\"Puro\" \/>\n<meta name=\"twitter:card\" content=\"summary_large_image\" \/>\n<meta name=\"twitter:label1\" content=\"Escrito por\" \/>\n\t<meta name=\"twitter:data1\" content=\"Puro\" \/>\n\t<meta name=\"twitter:label2\" content=\"Tiempo de lectura\" \/>\n\t<meta name=\"twitter:data2\" content=\"2 minutos\" \/>\n<script type=\"application\/ld+json\" class=\"yoast-schema-graph\">{\"@context\":\"https:\\\/\\\/schema.org\",\"@graph\":[{\"@type\":\"Article\",\"@id\":\"https:\\\/\\\/purolatino.es\\\/cadiz\\\/cuenta-atras-2\\\/#article\",\"isPartOf\":{\"@id\":\"https:\\\/\\\/purolatino.es\\\/cadiz\\\/cuenta-atras-2\\\/\"},\"author\":{\"name\":\"Puro\",\"@id\":\"https:\\\/\\\/purolatino.es\\\/cadiz\\\/#\\\/schema\\\/person\\\/db5ca1e09c6d1e9103de223ec1e5a543\"},\"headline\":\"\u00a1CUENTA ATR\u00c1S!\",\"datePublished\":\"2024-05-17T17:19:57+00:00\",\"dateModified\":\"2024-05-17T17:20:22+00:00\",\"mainEntityOfPage\":{\"@id\":\"https:\\\/\\\/purolatino.es\\\/cadiz\\\/cuenta-atras-2\\\/\"},\"wordCount\":429,\"image\":{\"@id\":\"https:\\\/\\\/purolatino.es\\\/cadiz\\\/cuenta-atras-2\\\/#primaryimage\"},\"thumbnailUrl\":\"https:\\\/\\\/purolatino.es\\\/cadiz\\\/wp-content\\\/uploads\\\/sites\\\/10\\\/2024\\\/05\\\/cartel-por-dias-puro-latino-puerto-de-santa-maria.jpeg\",\"articleSection\":[\"noticias\"],\"inLanguage\":\"es\"},{\"@type\":\"WebPage\",\"@id\":\"https:\\\/\\\/purolatino.es\\\/cadiz\\\/cuenta-atras-2\\\/\",\"url\":\"https:\\\/\\\/purolatino.es\\\/cadiz\\\/cuenta-atras-2\\\/\",\"name\":\"\u00a1CUENTA ATR\u00c1S! - Cadiz\",\"isPartOf\":{\"@id\":\"https:\\\/\\\/purolatino.es\\\/cadiz\\\/#website\"},\"primaryImageOfPage\":{\"@id\":\"https:\\\/\\\/purolatino.es\\\/cadiz\\\/cuenta-atras-2\\\/#primaryimage\"},\"image\":{\"@id\":\"https:\\\/\\\/purolatino.es\\\/cadiz\\\/cuenta-atras-2\\\/#primaryimage\"},\"thumbnailUrl\":\"https:\\\/\\\/purolatino.es\\\/cadiz\\\/wp-content\\\/uploads\\\/sites\\\/10\\\/2024\\\/05\\\/cartel-por-dias-puro-latino-puerto-de-santa-maria.jpeg\",\"datePublished\":\"2024-05-17T17:19:57+00:00\",\"dateModified\":\"2024-05-17T17:20:22+00:00\",\"author\":{\"@id\":\"https:\\\/\\\/purolatino.es\\\/cadiz\\\/#\\\/schema\\\/person\\\/db5ca1e09c6d1e9103de223ec1e5a543\"},\"breadcrumb\":{\"@id\":\"https:\\\/\\\/purolatino.es\\\/cadiz\\\/cuenta-atras-2\\\/#breadcrumb\"},\"inLanguage\":\"es\",\"potentialAction\":[{\"@type\":\"ReadAction\",\"target\":[\"https:\\\/\\\/purolatino.es\\\/cadiz\\\/cuenta-atras-2\\\/\"]}]},{\"@type\":\"ImageObject\",\"inLanguage\":\"es\",\"@id\":\"https:\\\/\\\/purolatino.es\\\/cadiz\\\/cuenta-atras-2\\\/#primaryimage\",\"url\":\"https:\\\/\\\/purolatino.es\\\/cadiz\\\/wp-content\\\/uploads\\\/sites\\\/10\\\/2024\\\/05\\\/cartel-por-dias-puro-latino-puerto-de-santa-maria.jpeg\",\"contentUrl\":\"https:\\\/\\\/purolatino.es\\\/cadiz\\\/wp-content\\\/uploads\\\/sites\\\/10\\\/2024\\\/05\\\/cartel-por-dias-puro-latino-puerto-de-santa-maria.jpeg\",\"width\":1080,\"height\":1080},{\"@type\":\"BreadcrumbList\",\"@id\":\"https:\\\/\\\/purolatino.es\\\/cadiz\\\/cuenta-atras-2\\\/#breadcrumb\",\"itemListElement\":[{\"@type\":\"ListItem\",\"position\":1,\"name\":\"Portada\",\"item\":\"https:\\\/\\\/purolatino.es\\\/cadiz\\\/\"},{\"@type\":\"ListItem\",\"position\":2,\"name\":\"\u00a1CUENTA ATR\u00c1S!\"}]},{\"@type\":\"WebSite\",\"@id\":\"https:\\\/\\\/purolatino.es\\\/cadiz\\\/#website\",\"url\":\"https:\\\/\\\/purolatino.es\\\/cadiz\\\/\",\"name\":\"Cadiz\",\"description\":\"El mayor festival de reggaeton de Espa\u00f1a en el Puerto de Santa Mar\u00eda\",\"potentialAction\":[{\"@type\":\"SearchAction\",\"target\":{\"@type\":\"EntryPoint\",\"urlTemplate\":\"https:\\\/\\\/purolatino.es\\\/cadiz\\\/?s={search_term_string}\"},\"query-input\":{\"@type\":\"PropertyValueSpecification\",\"valueRequired\":true,\"valueName\":\"search_term_string\"}}],\"inLanguage\":\"es\"},{\"@type\":\"Person\",\"@id\":\"https:\\\/\\\/purolatino.es\\\/cadiz\\\/#\\\/schema\\\/person\\\/db5ca1e09c6d1e9103de223ec1e5a543\",\"name\":\"Puro\",\"url\":\"https:\\\/\\\/purolatino.es\\\/cadiz\\\/author\\\/platino\\\/\"}]}<\/script>\n<!-- \/ Yoast SEO plugin. -->","yoast_head_json":{"title":"\u00a1CUENTA ATR\u00c1S! - Cadiz","robots":{"index":"index","follow":"follow","max-snippet":"max-snippet:-1","max-image-preview":"max-image-preview:large","max-video-preview":"max-video-preview:-1"},"canonical":"https:\/\/purolatino.es\/cadiz\/cuenta-atras-2\/","og_locale":"es_ES","og_type":"article","og_title":"\u00a1CUENTA ATR\u00c1S! - Cadiz","og_description":"Ya queda menos para que comience la pr\u00f3xima edici\u00f3n de\u00a0Puro Latino El Puerto de Santa Mar\u00eda Festy nosotros contamos las horas que nos separan de la fiesta del verano los pr\u00f3ximos 25, 26 y 27 de julio, y de poder disfrutar de los directos de nombres del calibre de\u00a0Anuel AA,\u00a0Maluma,\u00a0Mar\u00eda Becerra,\u00a0Saiko\u00a0y muchos m\u00e1s. Mientras tanto, [&hellip;]","og_url":"https:\/\/purolatino.es\/cadiz\/cuenta-atras-2\/","og_site_name":"Cadiz","article_published_time":"2024-05-17T17:19:57+00:00","article_modified_time":"2024-05-17T17:20:22+00:00","og_image":[{"width":1080,"height":1080,"url":"https:\/\/purolatino.es\/cadiz\/wp-content\/uploads\/sites\/10\/2024\/05\/cartel-por-dias-puro-latino-puerto-de-santa-maria.jpeg","type":"image\/jpeg"}],"author":"Puro","twitter_card":"summary_large_image","twitter_misc":{"Escrito por":"Puro","Tiempo de lectura":"2 minutos"},"schema":{"@context":"https:\/\/schema.org","@graph":[{"@type":"Article","@id":"https:\/\/purolatino.es\/cadiz\/cuenta-atras-2\/#article","isPartOf":{"@id":"https:\/\/purolatino.es\/cadiz\/cuenta-atras-2\/"},"author":{"name":"Puro","@id":"https:\/\/purolatino.es\/cadiz\/#\/schema\/person\/db5ca1e09c6d1e9103de223ec1e5a543"},"headline":"\u00a1CUENTA ATR\u00c1S!","datePublished":"2024-05-17T17:19:57+00:00","dateModified":"2024-05-17T17:20:22+00:00","mainEntityOfPage":{"@id":"https:\/\/purolatino.es\/cadiz\/cuenta-atras-2\/"},"wordCount":429,"image":{"@id":"https:\/\/purolatino.es\/cadiz\/cuenta-atras-2\/#primaryimage"},"thumbnailUrl":"https:\/\/purolatino.es\/cadiz\/wp-content\/uploads\/sites\/10\/2024\/05\/cartel-por-dias-puro-latino-puerto-de-santa-maria.jpeg","articleSection":["noticias"],"inLanguage":"es"},{"@type":"WebPage","@id":"https:\/\/purolatino.es\/cadiz\/cuenta-atras-2\/","url":"https:\/\/purolatino.es\/cadiz\/cuenta-atras-2\/","name":"\u00a1CUENTA ATR\u00c1S! - Cadiz","isPartOf":{"@id":"https:\/\/purolatino.es\/cadiz\/#website"},"primaryImageOfPage":{"@id":"https:\/\/purolatino.es\/cadiz\/cuenta-atras-2\/#primaryimage"},"image":{"@id":"https:\/\/purolatino.es\/cadiz\/cuenta-atras-2\/#primaryimage"},"thumbnailUrl":"https:\/\/purolatino.es\/cadiz\/wp-content\/uploads\/sites\/10\/2024\/05\/cartel-por-dias-puro-latino-puerto-de-santa-maria.jpeg","datePublished":"2024-05-17T17:19:57+00:00","dateModified":"2024-05-17T17:20:22+00:00","author":{"@id":"https:\/\/purolatino.es\/cadiz\/#\/schema\/person\/db5ca1e09c6d1e9103de223ec1e5a543"},"breadcrumb":{"@id":"https:\/\/purolatino.es\/cadiz\/cuenta-atras-2\/#breadcrumb"},"inLanguage":"es","potentialAction":[{"@type":"ReadAction","target":["https:\/\/purolatino.es\/cadiz\/cuenta-atras-2\/"]}]},{"@type":"ImageObject","inLanguage":"es","@id":"https:\/\/purolatino.es\/cadiz\/cuenta-atras-2\/#primaryimage","url":"https:\/\/purolatino.es\/cadiz\/wp-content\/uploads\/sites\/10\/2024\/05\/cartel-por-dias-puro-latino-puerto-de-santa-maria.jpeg","contentUrl":"https:\/\/purolatino.es\/cadiz\/wp-content\/uploads\/sites\/10\/2024\/05\/cartel-por-dias-puro-latino-puerto-de-santa-maria.jpeg","width":1080,"height":1080},{"@type":"BreadcrumbList","@id":"https:\/\/purolatino.es\/cadiz\/cuenta-atras-2\/#breadcrumb","itemListElement":[{"@type":"ListItem","position":1,"name":"Portada","item":"https:\/\/purolatino.es\/cadiz\/"},{"@type":"ListItem","position":2,"name":"\u00a1CUENTA ATR\u00c1S!"}]},{"@type":"WebSite","@id":"https:\/\/purolatino.es\/cadiz\/#website","url":"https:\/\/purolatino.es\/cadiz\/","name":"Cadiz","description":"El mayor festival de reggaeton de Espa\u00f1a en el Puerto de Santa Mar\u00eda","potentialAction":[{"@type":"SearchAction","target":{"@type":"EntryPoint","urlTemplate":"https:\/\/purolatino.es\/cadiz\/?s={search_term_string}"},"query-input":{"@type":"PropertyValueSpecification","valueRequired":true,"valueName":"search_term_string"}}],"inLanguage":"es"},{"@type":"Person","@id":"https:\/\/purolatino.es\/cadiz\/#\/schema\/person\/db5ca1e09c6d1e9103de223ec1e5a543","name":"Puro","url":"https:\/\/purolatino.es\/cadiz\/author\/platino\/"}]}},"jetpack_featured_media_url":"https:\/\/purolatino.es\/cadiz\/wp-content\/uploads\/sites\/10\/2024\/05\/cartel-por-dias-puro-latino-puerto-de-santa-maria.jpeg","jetpack_sharing_enabled":true,"_links":{"self":[{"href":"https:\/\/purolatino.es\/cadiz\/wp-json\/wp\/v2\/posts\/2360","targetHints":{"allow":["GET"]}}],"collection":[{"href":"https:\/\/purolatino.es\/cadiz\/wp-json\/wp\/v2\/posts"}],"about":[{"href":"https:\/\/purolatino.es\/cadiz\/wp-json\/wp\/v2\/types\/post"}],"author":[{"embeddable":true,"href":"https:\/\/purolatino.es\/cadiz\/wp-json\/wp\/v2\/users\/3"}],"replies":[{"embeddable":true,"href":"https:\/\/purolatino.es\/cadiz\/wp-json\/wp\/v2\/comments?post=2360"}],"version-history":[{"count":1,"href":"https:\/\/purolatino.es\/cadiz\/wp-json\/wp\/v2\/posts\/2360\/revisions"}],"predecessor-version":[{"id":2361,"href":"https:\/\/purolatino.es\/cadiz\/wp-json\/wp\/v2\/posts\/2360\/revisions\/2361"}],"wp:featuredmedia":[{"embeddable":true,"href":"https:\/\/purolatino.es\/cadiz\/wp-json\/wp\/v2\/media\/2356"}],"wp:attachment":[{"href":"https:\/\/purolatino.es\/cadiz\/wp-json\/wp\/v2\/media?parent=2360"}],"wp:term":[{"taxonomy":"category","embeddable":true,"href":"https:\/\/purolatino.es\/cadiz\/wp-json\/wp\/v2\/categories?post=2360"},{"taxonomy":"post_tag","embeddable":true,"href":"https:\/\/purolatino.es\/cadiz\/wp-json\/wp\/v2\/tags?post=2360"}],"curies":[{"name":"wp","href":"https:\/\/api.w.org\/{rel}","templated":true}]}}