{"id":2434,"date":"2024-07-29T16:52:08","date_gmt":"2024-07-29T16:52:08","guid":{"rendered":"https:\/\/purolatino.es\/cadiz\/?p=2434"},"modified":"2024-07-29T16:52:10","modified_gmt":"2024-07-29T16:52:10","slug":"145-000-gracias","status":"publish","type":"post","link":"https:\/\/purolatino.es\/cadiz\/145-000-gracias\/","title":{"rendered":"\u00a1145.000 GRACIAS!"},"content":{"rendered":"\n<p>El pasado s\u00e1bado 27 de julio despedimos la quinta edici\u00f3n de Puro Latino El Puerto de Santa Mar\u00eda Fest con una tercera jornada repleta de m\u00e1gicos momentos donde pudimos disfrutar de la estelar presencia de artistas de la talla de Morad, Rvfv, Gente de Zona, Juan Mag\u00e1n, Be\u00e9le, Lunay o Beny Jr. Durante sus tres d\u00edas de celebraci\u00f3n, un total de 145.000 asistentes han pisado el Recinto Ferial Las Banderas, convirtiendo a Puro Latino El Puerto de Santa Mar\u00eda Fest en el epicentro y origen de la exaltaci\u00f3n de la m\u00fasica urbana desde que comenz\u00f3 su andadura en 2018. \u00a1Mucho ha llovido!<\/p>\n\n\n\n<!--more-->\n\n\n\n<p>Ya pasada la tercera y \u00faltima jornada de&nbsp;<a target=\"_blank\" href=\"https:\/\/purolatino.es\/cadiz\/\" rel=\"noreferrer noopener\"><strong>Puro Latino El Puerto de Santa Mar\u00eda Fest<\/strong><\/a>, toca hacer balance. El pasado s\u00e1bado 27 de julio pudimos disfrutar del mejor cierre posible, una jornada que fue, como bien mandan los c\u00e1nones de todo festejo, de menos a m\u00e1s.<\/p>\n\n\n\n<p>El d\u00eda arranc\u00f3 con el puertorrique\u00f1o&nbsp;<a target=\"_blank\" href=\"https:\/\/open.spotify.com\/intl-es\/artist\/47MpMsUfWtgyIIBEFOr4FE?si=7NgjHrpvSJakzK2rStGtCQ\" rel=\"noreferrer noopener\"><strong>Lunay<\/strong><\/a>, el cual se entreg\u00f3 en cuerpo y alma a dar el mejor show a sus fans m\u00e1s ac\u00e9rrimos, que optaron por entrar el recinto a primera hora.<\/p>\n\n\n\n<p>Le sigui\u00f3&nbsp;<a target=\"_blank\" href=\"https:\/\/open.spotify.com\/intl-es\/artist\/7a0XAaPaK2aDSqa8p3QnC7?si=onYqFUSUS9e2okjQdvo13w\" rel=\"noreferrer noopener\"><strong>Be\u00e9le<\/strong><\/a>: el paisano de&nbsp;<strong>Shakira<\/strong>&nbsp;demostr\u00f3 que viene de una tierra de talento en un show extremadamente sobrio que ensalz\u00f3 su propia luz.<\/p>\n\n\n\n<p>Y con la puesta de sol, sale otra estrella,&nbsp;<a target=\"_blank\" href=\"https:\/\/open.spotify.com\/intl-es\/artist\/4az97MtWmBQ5Db3GfDh9j9?si=YM4xDkpaRMKVngJ_gdVvOA\" rel=\"noreferrer noopener\"><strong>Morad<\/strong><\/a>, fue el encargado de nuestro tr\u00e1nsito entre el d\u00eda y la noche con el repertorio m\u00e1s coreado de la noche.<\/p>\n\n\n\n<p>Poco despu\u00e9s, su compa\u00f1ero&nbsp;<a target=\"_blank\" href=\"https:\/\/open.spotify.com\/intl-es\/artist\/22dFwJoRBV51ue5TGnC7Dt?si=Xrs22-y9Tb-_F2scf-0HbA\" rel=\"noreferrer noopener\"><strong>Beny Jr<\/strong><\/a>&nbsp;nos gan\u00f3 completamente con sus visuales de animes japoneses. Aunque todo hay que decirlo: el show se lo rob\u00f3 su hermano menor que salt\u00f3 al escenario para balbucear a un micr\u00f3fono que sosten\u00eda con dificultad.<\/p>\n\n\n\n<p>En este momento de la noche y tras tres d\u00edas de jarana se notaba el cansancio, pero a problemas, soluciones. Cientos de j\u00f3venes decid\u00edan esperar c\u00f3modamente en el c\u00e9sped a que llegara lo que result\u00f3 ser la estrella del d\u00eda. Que no os enga\u00f1e su juventud, el almeriense&nbsp;<a target=\"_blank\" href=\"https:\/\/open.spotify.com\/intl-es\/artist\/2CCgb0KApjfQDuTppovpf8?si=1d40f27e56494e27\" rel=\"noreferrer noopener\"><strong>Rvfv<\/strong><\/a>demostr\u00f3 que est\u00e1 hecho de otro pasta y emana un aura de ARTISTA al que hay que seguir la pista.<\/p>\n\n\n\n<p>Alcanz\u00e1bamos la recta final con la presencia veterana de la jornada: los experimentados&nbsp;<a target=\"_blank\" href=\"https:\/\/open.spotify.com\/intl-es\/artist\/2cy1zPcrFcXAJTP0APWewL?si=X8HKlqyiSbmN34HkuDSJ-g\" rel=\"noreferrer noopener\"><strong>Gente de Zona<\/strong><\/a>&nbsp;no fallan nunca. Los cubanos han colaborado con artistas de talla mundial como&nbsp;<strong>Enrique Iglesias<\/strong>&nbsp;en su hit&nbsp;<strong><a target=\"_blank\" href=\"https:\/\/open.spotify.com\/intl-es\/track\/0bEA0mMgXheXnahvIbIQfg?si=7ba218721b3d46a3\" rel=\"noreferrer noopener\">Bailando<\/a><\/strong>, o con Marc&nbsp;<strong>Anthony<\/strong>&nbsp;en la exitosa&nbsp;<strong><a target=\"_blank\" href=\"https:\/\/open.spotify.com\/intl-es\/track\/0OMRAvrtLWE2TvcXorRiB9?si=0e3b65400d30441e\" rel=\"noreferrer noopener\">La Gozadera<\/a><\/strong>. A ver qui\u00e9n les tos\u00eda.<\/p>\n\n\n\n<p>Y bien entrada ya la madrugada, lleg\u00e1bamos a la traca final. Literalmente, porque los afortunados que aguantaron hasta el \u00faltimo show pudieron presenciar un espect\u00e1culo pirot\u00e9cnico digno de una falla valenciana. Un final que acompa\u00f1\u00f3 a los platos el solicitado&nbsp;<a target=\"_blank\" href=\"https:\/\/open.spotify.com\/intl-es\/artist\/1ackd5XprZEkH3McKbQD51?si=br3DCXBBTIqvKrwOWo8TSg\" rel=\"noreferrer noopener\"><strong>Juan Mag\u00e1n<\/strong><\/a>, un habitual en los cierres de&nbsp;<a target=\"_blank\" href=\"https:\/\/purolatino.es\/cadiz\/\" rel=\"noreferrer noopener\"><strong>Puro Latino El Puerto de Santa Mar\u00eda Fest<\/strong><\/a>&nbsp;que, una vez m\u00e1s, no defraud\u00f3 ni a los m\u00e1s esc\u00e9pticos.<\/p>\n\n\n\n<p>Todo lo bueno llega a su fin. Y&nbsp;<a target=\"_blank\" href=\"https:\/\/purolatino.es\/cadiz\/\" rel=\"noreferrer noopener\"><strong>Puro Latino El Puerto de Santa Mar\u00eda Fest<\/strong><\/a>, lamentablemente, no es una excepci\u00f3n. \u00a1Pero nos quedamos con lo bueno! Tres jornadas repletas de artistas de talla internacional y unas cifras de aut\u00e9ntico ensue\u00f1o: 145.000 asistentes en los tres d\u00edas de festival, un impacto estimado de m\u00e1s de 30 millones de euros en la provincia, y la creaci\u00f3n de m\u00e1s de 1.000 puestos de trabajos directos y algo m\u00e1s de 400 indirectos.<\/p>\n\n\n\n<p>Un festival tan espectacular como necesario, al que seguro que volveremos el a\u00f1o que viene.<\/p>\n\n\n\n<p>\u00a1Nos vemos en 2025!<\/p>\n","protected":false},"excerpt":{"rendered":"<p>El pasado s\u00e1bado 27 de julio despedimos la quinta edici\u00f3n de Puro Latino El Puerto de Santa Mar\u00eda Fest con una tercera jornada repleta de m\u00e1gicos momentos donde pudimos disfrutar de la estelar presencia de artistas de la talla de Morad, Rvfv, Gente de Zona, Juan Mag\u00e1n, Be\u00e9le, Lunay o Beny Jr. Durante sus tres [&hellip;]<\/p>\n","protected":false},"author":3,"featured_media":2435,"comment_status":"closed","ping_status":"closed","sticky":false,"template":"","format":"standard","meta":{"_jetpack_memberships_contains_paid_content":false,"footnotes":""},"categories":[3],"tags":[],"class_list":["post-2434","post","type-post","status-publish","format-standard","has-post-thumbnail","hentry","category-noticias"],"yoast_head":"<!-- This site is optimized with the Yoast SEO plugin v27.5 - https:\/\/yoast.com\/product\/yoast-seo-wordpress\/ -->\n<title>\u00a1145.000 GRACIAS! - Cadiz<\/title>\n<meta name=\"robots\" content=\"index, follow, max-snippet:-1, max-image-preview:large, max-video-preview:-1\" \/>\n<link rel=\"canonical\" href=\"https:\/\/purolatino.es\/cadiz\/145-000-gracias\/\" \/>\n<meta property=\"og:locale\" content=\"es_ES\" \/>\n<meta property=\"og:type\" content=\"article\" \/>\n<meta property=\"og:title\" content=\"\u00a1145.000 GRACIAS! - Cadiz\" \/>\n<meta property=\"og:description\" content=\"El pasado s\u00e1bado 27 de julio despedimos la quinta edici\u00f3n de Puro Latino El Puerto de Santa Mar\u00eda Fest con una tercera jornada repleta de m\u00e1gicos momentos donde pudimos disfrutar de la estelar presencia de artistas de la talla de Morad, Rvfv, Gente de Zona, Juan Mag\u00e1n, Be\u00e9le, Lunay o Beny Jr. Durante sus tres [&hellip;]\" \/>\n<meta property=\"og:url\" content=\"https:\/\/purolatino.es\/cadiz\/145-000-gracias\/\" \/>\n<meta property=\"og:site_name\" content=\"Cadiz\" \/>\n<meta property=\"article:published_time\" content=\"2024-07-29T16:52:08+00:00\" \/>\n<meta property=\"article:modified_time\" content=\"2024-07-29T16:52:10+00:00\" \/>\n<meta property=\"og:image\" content=\"https:\/\/purolatino.es\/cadiz\/wp-content\/uploads\/sites\/10\/2024\/07\/llenitos-1.jpg\" \/>\n\t<meta property=\"og:image:width\" content=\"1180\" \/>\n\t<meta property=\"og:image:height\" content=\"787\" \/>\n\t<meta property=\"og:image:type\" content=\"image\/jpeg\" \/>\n<meta name=\"author\" content=\"Puro\" \/>\n<meta name=\"twitter:card\" content=\"summary_large_image\" \/>\n<meta name=\"twitter:label1\" content=\"Escrito por\" \/>\n\t<meta name=\"twitter:data1\" content=\"Puro\" \/>\n\t<meta name=\"twitter:label2\" content=\"Tiempo de lectura\" \/>\n\t<meta name=\"twitter:data2\" content=\"3 minutos\" \/>\n<script type=\"application\/ld+json\" class=\"yoast-schema-graph\">{\"@context\":\"https:\\\/\\\/schema.org\",\"@graph\":[{\"@type\":\"Article\",\"@id\":\"https:\\\/\\\/purolatino.es\\\/cadiz\\\/145-000-gracias\\\/#article\",\"isPartOf\":{\"@id\":\"https:\\\/\\\/purolatino.es\\\/cadiz\\\/145-000-gracias\\\/\"},\"author\":{\"name\":\"Puro\",\"@id\":\"https:\\\/\\\/purolatino.es\\\/cadiz\\\/#\\\/schema\\\/person\\\/db5ca1e09c6d1e9103de223ec1e5a543\"},\"headline\":\"\u00a1145.000 GRACIAS!\",\"datePublished\":\"2024-07-29T16:52:08+00:00\",\"dateModified\":\"2024-07-29T16:52:10+00:00\",\"mainEntityOfPage\":{\"@id\":\"https:\\\/\\\/purolatino.es\\\/cadiz\\\/145-000-gracias\\\/\"},\"wordCount\":630,\"image\":{\"@id\":\"https:\\\/\\\/purolatino.es\\\/cadiz\\\/145-000-gracias\\\/#primaryimage\"},\"thumbnailUrl\":\"https:\\\/\\\/purolatino.es\\\/cadiz\\\/wp-content\\\/uploads\\\/sites\\\/10\\\/2024\\\/07\\\/llenitos-1.jpg\",\"articleSection\":[\"noticias\"],\"inLanguage\":\"es\"},{\"@type\":\"WebPage\",\"@id\":\"https:\\\/\\\/purolatino.es\\\/cadiz\\\/145-000-gracias\\\/\",\"url\":\"https:\\\/\\\/purolatino.es\\\/cadiz\\\/145-000-gracias\\\/\",\"name\":\"\u00a1145.000 GRACIAS! - Cadiz\",\"isPartOf\":{\"@id\":\"https:\\\/\\\/purolatino.es\\\/cadiz\\\/#website\"},\"primaryImageOfPage\":{\"@id\":\"https:\\\/\\\/purolatino.es\\\/cadiz\\\/145-000-gracias\\\/#primaryimage\"},\"image\":{\"@id\":\"https:\\\/\\\/purolatino.es\\\/cadiz\\\/145-000-gracias\\\/#primaryimage\"},\"thumbnailUrl\":\"https:\\\/\\\/purolatino.es\\\/cadiz\\\/wp-content\\\/uploads\\\/sites\\\/10\\\/2024\\\/07\\\/llenitos-1.jpg\",\"datePublished\":\"2024-07-29T16:52:08+00:00\",\"dateModified\":\"2024-07-29T16:52:10+00:00\",\"author\":{\"@id\":\"https:\\\/\\\/purolatino.es\\\/cadiz\\\/#\\\/schema\\\/person\\\/db5ca1e09c6d1e9103de223ec1e5a543\"},\"breadcrumb\":{\"@id\":\"https:\\\/\\\/purolatino.es\\\/cadiz\\\/145-000-gracias\\\/#breadcrumb\"},\"inLanguage\":\"es\",\"potentialAction\":[{\"@type\":\"ReadAction\",\"target\":[\"https:\\\/\\\/purolatino.es\\\/cadiz\\\/145-000-gracias\\\/\"]}]},{\"@type\":\"ImageObject\",\"inLanguage\":\"es\",\"@id\":\"https:\\\/\\\/purolatino.es\\\/cadiz\\\/145-000-gracias\\\/#primaryimage\",\"url\":\"https:\\\/\\\/purolatino.es\\\/cadiz\\\/wp-content\\\/uploads\\\/sites\\\/10\\\/2024\\\/07\\\/llenitos-1.jpg\",\"contentUrl\":\"https:\\\/\\\/purolatino.es\\\/cadiz\\\/wp-content\\\/uploads\\\/sites\\\/10\\\/2024\\\/07\\\/llenitos-1.jpg\",\"width\":1180,\"height\":787},{\"@type\":\"BreadcrumbList\",\"@id\":\"https:\\\/\\\/purolatino.es\\\/cadiz\\\/145-000-gracias\\\/#breadcrumb\",\"itemListElement\":[{\"@type\":\"ListItem\",\"position\":1,\"name\":\"Portada\",\"item\":\"https:\\\/\\\/purolatino.es\\\/cadiz\\\/\"},{\"@type\":\"ListItem\",\"position\":2,\"name\":\"\u00a1145.000 GRACIAS!\"}]},{\"@type\":\"WebSite\",\"@id\":\"https:\\\/\\\/purolatino.es\\\/cadiz\\\/#website\",\"url\":\"https:\\\/\\\/purolatino.es\\\/cadiz\\\/\",\"name\":\"Cadiz\",\"description\":\"El mayor festival de reggaeton de Espa\u00f1a en el Puerto de Santa Mar\u00eda\",\"potentialAction\":[{\"@type\":\"SearchAction\",\"target\":{\"@type\":\"EntryPoint\",\"urlTemplate\":\"https:\\\/\\\/purolatino.es\\\/cadiz\\\/?s={search_term_string}\"},\"query-input\":{\"@type\":\"PropertyValueSpecification\",\"valueRequired\":true,\"valueName\":\"search_term_string\"}}],\"inLanguage\":\"es\"},{\"@type\":\"Person\",\"@id\":\"https:\\\/\\\/purolatino.es\\\/cadiz\\\/#\\\/schema\\\/person\\\/db5ca1e09c6d1e9103de223ec1e5a543\",\"name\":\"Puro\",\"url\":\"https:\\\/\\\/purolatino.es\\\/cadiz\\\/author\\\/platino\\\/\"}]}<\/script>\n<!-- \/ Yoast SEO plugin. -->","yoast_head_json":{"title":"\u00a1145.000 GRACIAS! - Cadiz","robots":{"index":"index","follow":"follow","max-snippet":"max-snippet:-1","max-image-preview":"max-image-preview:large","max-video-preview":"max-video-preview:-1"},"canonical":"https:\/\/purolatino.es\/cadiz\/145-000-gracias\/","og_locale":"es_ES","og_type":"article","og_title":"\u00a1145.000 GRACIAS! - Cadiz","og_description":"El pasado s\u00e1bado 27 de julio despedimos la quinta edici\u00f3n de Puro Latino El Puerto de Santa Mar\u00eda Fest con una tercera jornada repleta de m\u00e1gicos momentos donde pudimos disfrutar de la estelar presencia de artistas de la talla de Morad, Rvfv, Gente de Zona, Juan Mag\u00e1n, Be\u00e9le, Lunay o Beny Jr. Durante sus tres [&hellip;]","og_url":"https:\/\/purolatino.es\/cadiz\/145-000-gracias\/","og_site_name":"Cadiz","article_published_time":"2024-07-29T16:52:08+00:00","article_modified_time":"2024-07-29T16:52:10+00:00","og_image":[{"width":1180,"height":787,"url":"https:\/\/purolatino.es\/cadiz\/wp-content\/uploads\/sites\/10\/2024\/07\/llenitos-1.jpg","type":"image\/jpeg"}],"author":"Puro","twitter_card":"summary_large_image","twitter_misc":{"Escrito por":"Puro","Tiempo de lectura":"3 minutos"},"schema":{"@context":"https:\/\/schema.org","@graph":[{"@type":"Article","@id":"https:\/\/purolatino.es\/cadiz\/145-000-gracias\/#article","isPartOf":{"@id":"https:\/\/purolatino.es\/cadiz\/145-000-gracias\/"},"author":{"name":"Puro","@id":"https:\/\/purolatino.es\/cadiz\/#\/schema\/person\/db5ca1e09c6d1e9103de223ec1e5a543"},"headline":"\u00a1145.000 GRACIAS!","datePublished":"2024-07-29T16:52:08+00:00","dateModified":"2024-07-29T16:52:10+00:00","mainEntityOfPage":{"@id":"https:\/\/purolatino.es\/cadiz\/145-000-gracias\/"},"wordCount":630,"image":{"@id":"https:\/\/purolatino.es\/cadiz\/145-000-gracias\/#primaryimage"},"thumbnailUrl":"https:\/\/purolatino.es\/cadiz\/wp-content\/uploads\/sites\/10\/2024\/07\/llenitos-1.jpg","articleSection":["noticias"],"inLanguage":"es"},{"@type":"WebPage","@id":"https:\/\/purolatino.es\/cadiz\/145-000-gracias\/","url":"https:\/\/purolatino.es\/cadiz\/145-000-gracias\/","name":"\u00a1145.000 GRACIAS! - Cadiz","isPartOf":{"@id":"https:\/\/purolatino.es\/cadiz\/#website"},"primaryImageOfPage":{"@id":"https:\/\/purolatino.es\/cadiz\/145-000-gracias\/#primaryimage"},"image":{"@id":"https:\/\/purolatino.es\/cadiz\/145-000-gracias\/#primaryimage"},"thumbnailUrl":"https:\/\/purolatino.es\/cadiz\/wp-content\/uploads\/sites\/10\/2024\/07\/llenitos-1.jpg","datePublished":"2024-07-29T16:52:08+00:00","dateModified":"2024-07-29T16:52:10+00:00","author":{"@id":"https:\/\/purolatino.es\/cadiz\/#\/schema\/person\/db5ca1e09c6d1e9103de223ec1e5a543"},"breadcrumb":{"@id":"https:\/\/purolatino.es\/cadiz\/145-000-gracias\/#breadcrumb"},"inLanguage":"es","potentialAction":[{"@type":"ReadAction","target":["https:\/\/purolatino.es\/cadiz\/145-000-gracias\/"]}]},{"@type":"ImageObject","inLanguage":"es","@id":"https:\/\/purolatino.es\/cadiz\/145-000-gracias\/#primaryimage","url":"https:\/\/purolatino.es\/cadiz\/wp-content\/uploads\/sites\/10\/2024\/07\/llenitos-1.jpg","contentUrl":"https:\/\/purolatino.es\/cadiz\/wp-content\/uploads\/sites\/10\/2024\/07\/llenitos-1.jpg","width":1180,"height":787},{"@type":"BreadcrumbList","@id":"https:\/\/purolatino.es\/cadiz\/145-000-gracias\/#breadcrumb","itemListElement":[{"@type":"ListItem","position":1,"name":"Portada","item":"https:\/\/purolatino.es\/cadiz\/"},{"@type":"ListItem","position":2,"name":"\u00a1145.000 GRACIAS!"}]},{"@type":"WebSite","@id":"https:\/\/purolatino.es\/cadiz\/#website","url":"https:\/\/purolatino.es\/cadiz\/","name":"Cadiz","description":"El mayor festival de reggaeton de Espa\u00f1a en el Puerto de Santa Mar\u00eda","potentialAction":[{"@type":"SearchAction","target":{"@type":"EntryPoint","urlTemplate":"https:\/\/purolatino.es\/cadiz\/?s={search_term_string}"},"query-input":{"@type":"PropertyValueSpecification","valueRequired":true,"valueName":"search_term_string"}}],"inLanguage":"es"},{"@type":"Person","@id":"https:\/\/purolatino.es\/cadiz\/#\/schema\/person\/db5ca1e09c6d1e9103de223ec1e5a543","name":"Puro","url":"https:\/\/purolatino.es\/cadiz\/author\/platino\/"}]}},"jetpack_featured_media_url":"https:\/\/purolatino.es\/cadiz\/wp-content\/uploads\/sites\/10\/2024\/07\/llenitos-1.jpg","jetpack_sharing_enabled":true,"_links":{"self":[{"href":"https:\/\/purolatino.es\/cadiz\/wp-json\/wp\/v2\/posts\/2434","targetHints":{"allow":["GET"]}}],"collection":[{"href":"https:\/\/purolatino.es\/cadiz\/wp-json\/wp\/v2\/posts"}],"about":[{"href":"https:\/\/purolatino.es\/cadiz\/wp-json\/wp\/v2\/types\/post"}],"author":[{"embeddable":true,"href":"https:\/\/purolatino.es\/cadiz\/wp-json\/wp\/v2\/users\/3"}],"replies":[{"embeddable":true,"href":"https:\/\/purolatino.es\/cadiz\/wp-json\/wp\/v2\/comments?post=2434"}],"version-history":[{"count":1,"href":"https:\/\/purolatino.es\/cadiz\/wp-json\/wp\/v2\/posts\/2434\/revisions"}],"predecessor-version":[{"id":2436,"href":"https:\/\/purolatino.es\/cadiz\/wp-json\/wp\/v2\/posts\/2434\/revisions\/2436"}],"wp:featuredmedia":[{"embeddable":true,"href":"https:\/\/purolatino.es\/cadiz\/wp-json\/wp\/v2\/media\/2435"}],"wp:attachment":[{"href":"https:\/\/purolatino.es\/cadiz\/wp-json\/wp\/v2\/media?parent=2434"}],"wp:term":[{"taxonomy":"category","embeddable":true,"href":"https:\/\/purolatino.es\/cadiz\/wp-json\/wp\/v2\/categories?post=2434"},{"taxonomy":"post_tag","embeddable":true,"href":"https:\/\/purolatino.es\/cadiz\/wp-json\/wp\/v2\/tags?post=2434"}],"curies":[{"name":"wp","href":"https:\/\/api.w.org\/{rel}","templated":true}]}}