{"id":2774,"date":"2025-11-12T23:53:21","date_gmt":"2025-11-12T23:53:21","guid":{"rendered":"https:\/\/purolatino.es\/cadiz\/?p=2774"},"modified":"2025-11-18T10:33:04","modified_gmt":"2025-11-18T10:33:04","slug":"myke-towers-confirmado","status":"publish","type":"post","link":"https:\/\/purolatino.es\/cadiz\/myke-towers-confirmado\/","title":{"rendered":"MYKE TOWERS, \u00a1CONFIRMADO!"},"content":{"rendered":"\n<p><strong>El 2026 pinta incre\u00edble para un&nbsp;<a href=\"https:\/\/purolatino.es\/\" target=\"_blank\" rel=\"noreferrer noopener\">Puro Latino Fest<\/a>&nbsp;que propone citas&nbsp;imperdibles para el pr\u00f3ximo verano en Madrid, Almer\u00eda, Torremolinos,&nbsp;Sevilla&nbsp;y El Puerto de Santa Mar\u00eda.<\/strong><\/p>\n\n\n\n<p><strong>La primera gran confirmaci\u00f3n de esta temporada ha llegado esta misma tarde, con&nbsp;<a href=\"https:\/\/purolatino.es\/cadiz\/\" target=\"_blank\" rel=\"noreferrer noopener\">Puro Latino El Puerto de Santa Mar\u00eda Fest<\/a>&nbsp;anunciando a un gran cabeza de cartel,&nbsp;<a href=\"https:\/\/open.spotify.com\/intl-es\/artist\/7iK8PXO48WeuP03g8YR51W?si=vx-PLlJaQu2nyemNY3uW_Q\" target=\"_blank\" rel=\"noreferrer noopener\">Myke Towers<\/a>.<\/strong><\/p>\n\n\n\n<!--more-->\n\n\n\n<p>En&nbsp;<a href=\"https:\/\/purolatino.es\/\" target=\"_blank\" rel=\"noreferrer noopener\">Puro Latino Fest<\/a>&nbsp;no se para. Si la semana pasada&nbsp;<a href=\"https:\/\/preview.mailerlite.io\/preview\/1048304\/emails\/170396173190825600\" target=\"_blank\" rel=\"noreferrer noopener\">se hizo&nbsp;historia<\/a>&nbsp;con la salida a la venta de las entradas para todas sus citas de 2026, que ya cuentan con&nbsp;fechas de celebraci\u00f3n anunciadas, hoy tambi\u00e9n tenemos terremoto informativo.&nbsp;Y es que&nbsp;<a href=\"https:\/\/purolatino.es\/cadiz\/\" target=\"_blank\" rel=\"noreferrer noopener\">Puro Latino El Puerto de Santa Mar\u00eda Fest<\/a>, la cita&nbsp;m\u00e1s hist\u00f3rica y longeva de todas, acaba de confirmar a su primer gran cabeza de cartel,&nbsp;<a href=\"https:\/\/open.spotify.com\/intl-es\/artist\/7iK8PXO48WeuP03g8YR51W?si=kQ-GLBCWTQe7maphkPnTPg\" target=\"_blank\" rel=\"noreferrer noopener\">Myke Towers<\/a><\/p>\n\n\n\n<p>S\u00faper-estrella global en las escenas del trap y el reguet\u00f3n,&nbsp;el puerrtorrique\u00f1o&nbsp;acaba de convertirse&nbsp;en el artista m\u00e1s sonado en la radio latina, alcanzando el #1 en todos los listados oficiales de&nbsp;<strong>Billboard y Mediabase<\/strong>, y sumando su d\u00e9cimo sexto Latin Airplay #1 en Billboard con el tema&nbsp;<a href=\"https:\/\/open.spotify.com\/intl-es\/track\/5lwPKH5nmro0uXGs8PiAQq?si=ca3e190bdb7f481b\" target=\"_blank\" rel=\"noreferrer noopener\">\u00abTengo celos\u00bb<\/a>, parte fundamental de su \u00e1lbum&nbsp;<a href=\"https:\/\/open.spotify.com\/intl-es\/album\/3YC3UkufiKRSwdBA1BDfHj?si=jSBY4oH9SGKk9rPU9YTIXw\" target=\"_blank\" rel=\"noreferrer noopener\">\u00abIsland Boyz\u00bb<\/a>.<\/p>\n\n\n\n<p><a href=\"https:\/\/open.spotify.com\/intl-es\/artist\/7iK8PXO48WeuP03g8YR51W?si=kQ-GLBCWTQe7maphkPnTPg\" target=\"_blank\" rel=\"noreferrer noopener\">Myke Towers<\/a>&nbsp;es bien conocido por el p\u00fablico de&nbsp;<a href=\"https:\/\/purolatino.es\/\" target=\"_blank\" rel=\"noreferrer noopener\">Puro Latino Fest<\/a>. A\u00fan se recuerda su visita al&nbsp;<a href=\"https:\/\/purolatino.es\/cadiz\/\" target=\"_blank\" rel=\"noreferrer noopener\">Puro Latino El Puerto de Santa Mar\u00eda Fest<\/a>&nbsp;en 2022, por lo que el pr\u00f3ximo verano&nbsp;vuelve a la que tambi\u00e9n es&nbsp;su casa, en la hermosa&nbsp;ciudad gaditana. Recordemos las fechas,&nbsp;<strong>desde el 23 al 25 de julio<\/strong>, con entradas&nbsp;<a href=\"https:\/\/purolatino.es\/cadiz\/entradas\/\" target=\"_blank\" rel=\"noreferrer noopener\">a la venta<\/a>&nbsp;en&nbsp;oferta de lanzamiento.<\/p>\n","protected":false},"excerpt":{"rendered":"<p>El 2026 pinta incre\u00edble para un&nbsp;Puro Latino Fest&nbsp;que propone citas&nbsp;imperdibles para el pr\u00f3ximo verano en Madrid, Almer\u00eda, Torremolinos,&nbsp;Sevilla&nbsp;y El Puerto de Santa Mar\u00eda. La primera gran confirmaci\u00f3n de esta temporada ha llegado esta misma tarde, con&nbsp;Puro Latino El Puerto de Santa Mar\u00eda Fest&nbsp;anunciando a un gran cabeza de cartel,&nbsp;Myke Towers.<\/p>\n","protected":false},"author":3,"featured_media":2772,"comment_status":"closed","ping_status":"closed","sticky":false,"template":"","format":"standard","meta":{"_jetpack_memberships_contains_paid_content":false,"footnotes":""},"categories":[3],"tags":[],"class_list":["post-2774","post","type-post","status-publish","format-standard","has-post-thumbnail","hentry","category-noticias"],"yoast_head":"<!-- This site is optimized with the Yoast SEO plugin v27.5 - https:\/\/yoast.com\/product\/yoast-seo-wordpress\/ -->\n<title>MYKE TOWERS, \u00a1CONFIRMADO! - Cadiz<\/title>\n<meta name=\"robots\" content=\"index, follow, max-snippet:-1, max-image-preview:large, max-video-preview:-1\" \/>\n<link rel=\"canonical\" href=\"https:\/\/purolatino.es\/cadiz\/myke-towers-confirmado\/\" \/>\n<meta property=\"og:locale\" content=\"es_ES\" \/>\n<meta property=\"og:type\" content=\"article\" \/>\n<meta property=\"og:title\" content=\"MYKE TOWERS, \u00a1CONFIRMADO! - Cadiz\" \/>\n<meta property=\"og:description\" content=\"El 2026 pinta incre\u00edble para un&nbsp;Puro Latino Fest&nbsp;que propone citas&nbsp;imperdibles para el pr\u00f3ximo verano en Madrid, Almer\u00eda, Torremolinos,&nbsp;Sevilla&nbsp;y El Puerto de Santa Mar\u00eda. La primera gran confirmaci\u00f3n de esta temporada ha llegado esta misma tarde, con&nbsp;Puro Latino El Puerto de Santa Mar\u00eda Fest&nbsp;anunciando a un gran cabeza de cartel,&nbsp;Myke Towers.\" \/>\n<meta property=\"og:url\" content=\"https:\/\/purolatino.es\/cadiz\/myke-towers-confirmado\/\" \/>\n<meta property=\"og:site_name\" content=\"Cadiz\" \/>\n<meta property=\"article:published_time\" content=\"2025-11-12T23:53:21+00:00\" \/>\n<meta property=\"article:modified_time\" content=\"2025-11-18T10:33:04+00:00\" \/>\n<meta property=\"og:image\" content=\"https:\/\/purolatino.es\/cadiz\/wp-content\/uploads\/sites\/10\/2025\/11\/IMG_4560.jpeg\" \/>\n\t<meta property=\"og:image:width\" content=\"1080\" \/>\n\t<meta property=\"og:image:height\" content=\"1080\" \/>\n\t<meta property=\"og:image:type\" content=\"image\/jpeg\" \/>\n<meta name=\"author\" content=\"Puro\" \/>\n<meta name=\"twitter:card\" content=\"summary_large_image\" \/>\n<meta name=\"twitter:label1\" content=\"Escrito por\" \/>\n\t<meta name=\"twitter:data1\" content=\"Puro\" \/>\n\t<meta name=\"twitter:label2\" content=\"Tiempo de lectura\" \/>\n\t<meta name=\"twitter:data2\" content=\"2 minutos\" \/>\n<script type=\"application\/ld+json\" class=\"yoast-schema-graph\">{\"@context\":\"https:\\\/\\\/schema.org\",\"@graph\":[{\"@type\":\"Article\",\"@id\":\"https:\\\/\\\/purolatino.es\\\/cadiz\\\/myke-towers-confirmado\\\/#article\",\"isPartOf\":{\"@id\":\"https:\\\/\\\/purolatino.es\\\/cadiz\\\/myke-towers-confirmado\\\/\"},\"author\":{\"name\":\"Puro\",\"@id\":\"https:\\\/\\\/purolatino.es\\\/cadiz\\\/#\\\/schema\\\/person\\\/db5ca1e09c6d1e9103de223ec1e5a543\"},\"headline\":\"MYKE TOWERS, \u00a1CONFIRMADO!\",\"datePublished\":\"2025-11-12T23:53:21+00:00\",\"dateModified\":\"2025-11-18T10:33:04+00:00\",\"mainEntityOfPage\":{\"@id\":\"https:\\\/\\\/purolatino.es\\\/cadiz\\\/myke-towers-confirmado\\\/\"},\"wordCount\":307,\"image\":{\"@id\":\"https:\\\/\\\/purolatino.es\\\/cadiz\\\/myke-towers-confirmado\\\/#primaryimage\"},\"thumbnailUrl\":\"https:\\\/\\\/purolatino.es\\\/cadiz\\\/wp-content\\\/uploads\\\/sites\\\/10\\\/2025\\\/11\\\/IMG_4560.jpeg\",\"articleSection\":[\"noticias\"],\"inLanguage\":\"es\"},{\"@type\":\"WebPage\",\"@id\":\"https:\\\/\\\/purolatino.es\\\/cadiz\\\/myke-towers-confirmado\\\/\",\"url\":\"https:\\\/\\\/purolatino.es\\\/cadiz\\\/myke-towers-confirmado\\\/\",\"name\":\"MYKE TOWERS, \u00a1CONFIRMADO! - Cadiz\",\"isPartOf\":{\"@id\":\"https:\\\/\\\/purolatino.es\\\/cadiz\\\/#website\"},\"primaryImageOfPage\":{\"@id\":\"https:\\\/\\\/purolatino.es\\\/cadiz\\\/myke-towers-confirmado\\\/#primaryimage\"},\"image\":{\"@id\":\"https:\\\/\\\/purolatino.es\\\/cadiz\\\/myke-towers-confirmado\\\/#primaryimage\"},\"thumbnailUrl\":\"https:\\\/\\\/purolatino.es\\\/cadiz\\\/wp-content\\\/uploads\\\/sites\\\/10\\\/2025\\\/11\\\/IMG_4560.jpeg\",\"datePublished\":\"2025-11-12T23:53:21+00:00\",\"dateModified\":\"2025-11-18T10:33:04+00:00\",\"author\":{\"@id\":\"https:\\\/\\\/purolatino.es\\\/cadiz\\\/#\\\/schema\\\/person\\\/db5ca1e09c6d1e9103de223ec1e5a543\"},\"breadcrumb\":{\"@id\":\"https:\\\/\\\/purolatino.es\\\/cadiz\\\/myke-towers-confirmado\\\/#breadcrumb\"},\"inLanguage\":\"es\",\"potentialAction\":[{\"@type\":\"ReadAction\",\"target\":[\"https:\\\/\\\/purolatino.es\\\/cadiz\\\/myke-towers-confirmado\\\/\"]}]},{\"@type\":\"ImageObject\",\"inLanguage\":\"es\",\"@id\":\"https:\\\/\\\/purolatino.es\\\/cadiz\\\/myke-towers-confirmado\\\/#primaryimage\",\"url\":\"https:\\\/\\\/purolatino.es\\\/cadiz\\\/wp-content\\\/uploads\\\/sites\\\/10\\\/2025\\\/11\\\/IMG_4560.jpeg\",\"contentUrl\":\"https:\\\/\\\/purolatino.es\\\/cadiz\\\/wp-content\\\/uploads\\\/sites\\\/10\\\/2025\\\/11\\\/IMG_4560.jpeg\",\"width\":1080,\"height\":1080},{\"@type\":\"BreadcrumbList\",\"@id\":\"https:\\\/\\\/purolatino.es\\\/cadiz\\\/myke-towers-confirmado\\\/#breadcrumb\",\"itemListElement\":[{\"@type\":\"ListItem\",\"position\":1,\"name\":\"Portada\",\"item\":\"https:\\\/\\\/purolatino.es\\\/cadiz\\\/\"},{\"@type\":\"ListItem\",\"position\":2,\"name\":\"MYKE TOWERS, \u00a1CONFIRMADO!\"}]},{\"@type\":\"WebSite\",\"@id\":\"https:\\\/\\\/purolatino.es\\\/cadiz\\\/#website\",\"url\":\"https:\\\/\\\/purolatino.es\\\/cadiz\\\/\",\"name\":\"Cadiz\",\"description\":\"El mayor festival de reggaeton de Espa\u00f1a en el Puerto de Santa Mar\u00eda\",\"potentialAction\":[{\"@type\":\"SearchAction\",\"target\":{\"@type\":\"EntryPoint\",\"urlTemplate\":\"https:\\\/\\\/purolatino.es\\\/cadiz\\\/?s={search_term_string}\"},\"query-input\":{\"@type\":\"PropertyValueSpecification\",\"valueRequired\":true,\"valueName\":\"search_term_string\"}}],\"inLanguage\":\"es\"},{\"@type\":\"Person\",\"@id\":\"https:\\\/\\\/purolatino.es\\\/cadiz\\\/#\\\/schema\\\/person\\\/db5ca1e09c6d1e9103de223ec1e5a543\",\"name\":\"Puro\",\"url\":\"https:\\\/\\\/purolatino.es\\\/cadiz\\\/author\\\/platino\\\/\"}]}<\/script>\n<!-- \/ Yoast SEO plugin. -->","yoast_head_json":{"title":"MYKE TOWERS, \u00a1CONFIRMADO! - Cadiz","robots":{"index":"index","follow":"follow","max-snippet":"max-snippet:-1","max-image-preview":"max-image-preview:large","max-video-preview":"max-video-preview:-1"},"canonical":"https:\/\/purolatino.es\/cadiz\/myke-towers-confirmado\/","og_locale":"es_ES","og_type":"article","og_title":"MYKE TOWERS, \u00a1CONFIRMADO! - Cadiz","og_description":"El 2026 pinta incre\u00edble para un&nbsp;Puro Latino Fest&nbsp;que propone citas&nbsp;imperdibles para el pr\u00f3ximo verano en Madrid, Almer\u00eda, Torremolinos,&nbsp;Sevilla&nbsp;y El Puerto de Santa Mar\u00eda. La primera gran confirmaci\u00f3n de esta temporada ha llegado esta misma tarde, con&nbsp;Puro Latino El Puerto de Santa Mar\u00eda Fest&nbsp;anunciando a un gran cabeza de cartel,&nbsp;Myke Towers.","og_url":"https:\/\/purolatino.es\/cadiz\/myke-towers-confirmado\/","og_site_name":"Cadiz","article_published_time":"2025-11-12T23:53:21+00:00","article_modified_time":"2025-11-18T10:33:04+00:00","og_image":[{"width":1080,"height":1080,"url":"https:\/\/purolatino.es\/cadiz\/wp-content\/uploads\/sites\/10\/2025\/11\/IMG_4560.jpeg","type":"image\/jpeg"}],"author":"Puro","twitter_card":"summary_large_image","twitter_misc":{"Escrito por":"Puro","Tiempo de lectura":"2 minutos"},"schema":{"@context":"https:\/\/schema.org","@graph":[{"@type":"Article","@id":"https:\/\/purolatino.es\/cadiz\/myke-towers-confirmado\/#article","isPartOf":{"@id":"https:\/\/purolatino.es\/cadiz\/myke-towers-confirmado\/"},"author":{"name":"Puro","@id":"https:\/\/purolatino.es\/cadiz\/#\/schema\/person\/db5ca1e09c6d1e9103de223ec1e5a543"},"headline":"MYKE TOWERS, \u00a1CONFIRMADO!","datePublished":"2025-11-12T23:53:21+00:00","dateModified":"2025-11-18T10:33:04+00:00","mainEntityOfPage":{"@id":"https:\/\/purolatino.es\/cadiz\/myke-towers-confirmado\/"},"wordCount":307,"image":{"@id":"https:\/\/purolatino.es\/cadiz\/myke-towers-confirmado\/#primaryimage"},"thumbnailUrl":"https:\/\/purolatino.es\/cadiz\/wp-content\/uploads\/sites\/10\/2025\/11\/IMG_4560.jpeg","articleSection":["noticias"],"inLanguage":"es"},{"@type":"WebPage","@id":"https:\/\/purolatino.es\/cadiz\/myke-towers-confirmado\/","url":"https:\/\/purolatino.es\/cadiz\/myke-towers-confirmado\/","name":"MYKE TOWERS, \u00a1CONFIRMADO! - Cadiz","isPartOf":{"@id":"https:\/\/purolatino.es\/cadiz\/#website"},"primaryImageOfPage":{"@id":"https:\/\/purolatino.es\/cadiz\/myke-towers-confirmado\/#primaryimage"},"image":{"@id":"https:\/\/purolatino.es\/cadiz\/myke-towers-confirmado\/#primaryimage"},"thumbnailUrl":"https:\/\/purolatino.es\/cadiz\/wp-content\/uploads\/sites\/10\/2025\/11\/IMG_4560.jpeg","datePublished":"2025-11-12T23:53:21+00:00","dateModified":"2025-11-18T10:33:04+00:00","author":{"@id":"https:\/\/purolatino.es\/cadiz\/#\/schema\/person\/db5ca1e09c6d1e9103de223ec1e5a543"},"breadcrumb":{"@id":"https:\/\/purolatino.es\/cadiz\/myke-towers-confirmado\/#breadcrumb"},"inLanguage":"es","potentialAction":[{"@type":"ReadAction","target":["https:\/\/purolatino.es\/cadiz\/myke-towers-confirmado\/"]}]},{"@type":"ImageObject","inLanguage":"es","@id":"https:\/\/purolatino.es\/cadiz\/myke-towers-confirmado\/#primaryimage","url":"https:\/\/purolatino.es\/cadiz\/wp-content\/uploads\/sites\/10\/2025\/11\/IMG_4560.jpeg","contentUrl":"https:\/\/purolatino.es\/cadiz\/wp-content\/uploads\/sites\/10\/2025\/11\/IMG_4560.jpeg","width":1080,"height":1080},{"@type":"BreadcrumbList","@id":"https:\/\/purolatino.es\/cadiz\/myke-towers-confirmado\/#breadcrumb","itemListElement":[{"@type":"ListItem","position":1,"name":"Portada","item":"https:\/\/purolatino.es\/cadiz\/"},{"@type":"ListItem","position":2,"name":"MYKE TOWERS, \u00a1CONFIRMADO!"}]},{"@type":"WebSite","@id":"https:\/\/purolatino.es\/cadiz\/#website","url":"https:\/\/purolatino.es\/cadiz\/","name":"Cadiz","description":"El mayor festival de reggaeton de Espa\u00f1a en el Puerto de Santa Mar\u00eda","potentialAction":[{"@type":"SearchAction","target":{"@type":"EntryPoint","urlTemplate":"https:\/\/purolatino.es\/cadiz\/?s={search_term_string}"},"query-input":{"@type":"PropertyValueSpecification","valueRequired":true,"valueName":"search_term_string"}}],"inLanguage":"es"},{"@type":"Person","@id":"https:\/\/purolatino.es\/cadiz\/#\/schema\/person\/db5ca1e09c6d1e9103de223ec1e5a543","name":"Puro","url":"https:\/\/purolatino.es\/cadiz\/author\/platino\/"}]}},"jetpack_featured_media_url":"https:\/\/purolatino.es\/cadiz\/wp-content\/uploads\/sites\/10\/2025\/11\/IMG_4560.jpeg","jetpack_sharing_enabled":true,"_links":{"self":[{"href":"https:\/\/purolatino.es\/cadiz\/wp-json\/wp\/v2\/posts\/2774","targetHints":{"allow":["GET"]}}],"collection":[{"href":"https:\/\/purolatino.es\/cadiz\/wp-json\/wp\/v2\/posts"}],"about":[{"href":"https:\/\/purolatino.es\/cadiz\/wp-json\/wp\/v2\/types\/post"}],"author":[{"embeddable":true,"href":"https:\/\/purolatino.es\/cadiz\/wp-json\/wp\/v2\/users\/3"}],"replies":[{"embeddable":true,"href":"https:\/\/purolatino.es\/cadiz\/wp-json\/wp\/v2\/comments?post=2774"}],"version-history":[{"count":4,"href":"https:\/\/purolatino.es\/cadiz\/wp-json\/wp\/v2\/posts\/2774\/revisions"}],"predecessor-version":[{"id":2781,"href":"https:\/\/purolatino.es\/cadiz\/wp-json\/wp\/v2\/posts\/2774\/revisions\/2781"}],"wp:featuredmedia":[{"embeddable":true,"href":"https:\/\/purolatino.es\/cadiz\/wp-json\/wp\/v2\/media\/2772"}],"wp:attachment":[{"href":"https:\/\/purolatino.es\/cadiz\/wp-json\/wp\/v2\/media?parent=2774"}],"wp:term":[{"taxonomy":"category","embeddable":true,"href":"https:\/\/purolatino.es\/cadiz\/wp-json\/wp\/v2\/categories?post=2774"},{"taxonomy":"post_tag","embeddable":true,"href":"https:\/\/purolatino.es\/cadiz\/wp-json\/wp\/v2\/tags?post=2774"}],"curies":[{"name":"wp","href":"https:\/\/api.w.org\/{rel}","templated":true}]}}