{"id":3010,"date":"2026-03-16T09:36:06","date_gmt":"2026-03-16T09:36:06","guid":{"rendered":"https:\/\/purolatino.es\/cadiz\/?p=3010"},"modified":"2026-03-16T09:36:23","modified_gmt":"2026-03-16T09:36:23","slug":"el-rey-vuelve-a-su-reinado-don-omar-regresa-a-puro-latino-cadiz","status":"publish","type":"post","link":"https:\/\/purolatino.es\/cadiz\/el-rey-vuelve-a-su-reinado-don-omar-regresa-a-puro-latino-cadiz\/","title":{"rendered":"\u00abEL REY\u00bb VUELVE A SU REINADO: DON OMAR REGRESA A PURO LATINO C\u00c1DIZ"},"content":{"rendered":"\n<p><strong><a href=\"https:\/\/donomar.com\/\" target=\"_blank\" rel=\"noreferrer noopener\">Don Omar<\/a>\u00a0vuelve a los escenarios espa\u00f1oles y una de sus fechas ser\u00e1 en\u00a0<a href=\"https:\/\/purolatino.es\/cadiz\/\" target=\"_blank\" rel=\"noreferrer noopener\">Puro Latino El Puerto de Santa Mar\u00eda Fest<\/a>, cita a la que regresa siete a\u00f1os despu\u00e9s. \u00a1Un momento hist\u00f3rico!<\/strong><\/p>\n\n\n\n<!--more-->\n\n\n\n<p><p style=\"font-size: 16px; white-space: normal; margin: 0px 0px 10px; word-break: break-word; font-family: Helvetica, sans-serif; font-variant-ligatures: normal; line-height: 26.4px; text-align: justify;\">William Omar Landr\u00f3n Rivera, m\u00e1s conocido como\u00a0<span class=\"ml-rte-link-wrapper\"><a builder-link-id=\"118\" data-link-id=\"182086922586294045\" style=\"color: rgb(27, 87, 133); font-weight: bold;\" href=\"https:\/\/donomar.com\/\" target=\"_blank\">Don Omar<\/a><\/span>, es una fuerza imparable en el mundo del entretenimiento. Verdaderamente multifac\u00e9tico, hablamos de un aclamado cantante, compositor, productor musical, actor, empresario&#8230; \u00a1E\u00a0incluso piloto de carreras! Su apodo de\u00a0\u00ab<strong>El Rey del Reggaeton<\/strong>\u00bb lo deja bien claro:\u00a0<a builder-link-id=\"119\" data-link-id=\"182086922597828387\" style=\"color: rgb(27, 87, 133); font-weight: bold;\" href=\"https:\/\/donomar.com\/\" target=\"_blank\">Don Omar<\/a>\u00a0ha influido de manera\u00a0profunda el panorama cultural, a nivel global.Su camino hacia el estrellato comenz\u00f3 con el lanzamiento en 2003\u00a0de su \u00e1lbum de debut,\u00a0<span class=\"ml-rte-link-wrapper\"><a builder-link-id=\"120\" data-link-id=\"182086922608314151\" style=\"color: rgb(27, 87, 133); font-weight: bold;\" href=\"https:\/\/open.spotify.com\/intl-es\/album\/4vOvr0tdZWoIGjnHe9jLqz?si=desaOGV4TwC-zSzfcRRgRw\" target=\"_blank\">\u00abThe Last Don\u00bb<\/a><\/span>, que lo catapult\u00f3 a la fama mundial. Y en 2006\u00a0<span class=\"ml-rte-link-wrapper\"><a builder-link-id=\"121\" data-link-id=\"182086922618799917\" style=\"color: rgb(27, 87, 133); font-weight: bold;\" href=\"https:\/\/open.spotify.com\/intl-es\/album\/5LbfmeWh5cvLpR1Nfvdch5?si=sEqx86BHROOWzIxN93zQ2Q\" target=\"_blank\">\u00abKing of Kings\u00bb<\/a><\/span>\u00a0rompi\u00f3 r\u00e9cords al debutar en el n\u00famero uno de las listas latinas de Billboard y alcanzar el s\u00e9ptimo lugar en Billboard 200, la posici\u00f3n m\u00e1s alta hasta entonces para un \u00e1lbum de reggaeton. Con numerosos discos multi-platino, Latin GRAMMY y miles de billones de streams,\u00a0<a builder-link-id=\"122\" data-link-id=\"182086922627188528\" style=\"color: rgb(27, 87, 133); font-weight: bold;\" href=\"https:\/\/donomar.com\/\" target=\"_blank\">Don Omar<\/a>\u00a0contin\u00faa siendo una figura en la escena.Pero sus talentos van m\u00e1s all\u00e1. Como actor,\u00a0<a builder-link-id=\"123\" data-link-id=\"182086922635577139\" style=\"color: rgb(27, 87, 133); font-weight: bold;\" href=\"https:\/\/donomar.com\/\" target=\"_blank\">Don Omar<\/a>\u00a0es reconocido por su papel recurrente como Rico Santos en la exitosa franquicia de\u00a0<span class=\"ml-rte-link-wrapper\"><a builder-link-id=\"124\" data-link-id=\"182086922645014327\" style=\"color: rgb(27, 87, 133); font-weight: bold;\" href=\"https:\/\/es.wikipedia.org\/wiki\/Fast_%26_Furious_(franquicia)\" target=\"_blank\">Fast &amp; Furious<\/a><\/span>, protagonizada por\u00a0<strong>Vin Diesel<\/strong>, apareciendo hasta en cinco de las\u00a0pel\u00edculas de la saga. Sus canciones tambi\u00e9n han formado parte de las bandas sonoras de esta serie cinematogr\u00e1fica tan exitosa.<\/p><span style=\"font-family: Helvetica, sans-serif; font-size: 16px; text-align: justify; white-space: normal;\">Fuera del escenario,\u00a0<\/span><a builder-link-id=\"125\" data-link-id=\"182086922655500092\" style=\"font-family: Helvetica, sans-serif; font-size: 16px; text-align: justify; white-space: normal; color: rgb(27, 87, 133); font-weight: bold;\" href=\"https:\/\/donomar.com\/\" target=\"_blank\">Don Omar<\/a><span style=\"font-family: Helvetica, sans-serif; font-size: 16px; text-align: justify; white-space: normal;\">\u00a0canaliza su creatividad hacia los negocios, construyendo un imperio empresarial pr\u00f3spero que refleja su visi\u00f3n y determinaci\u00f3n. Ya sea reinventando el reggaeton, dominando los escenarios o dejando su huella en Hollywood, el viaje de\u00a0<\/span><a builder-link-id=\"126\" data-link-id=\"182086922665985858\" style=\"font-family: Helvetica, sans-serif; font-size: 16px; text-align: justify; white-space: normal; color: rgb(27, 87, 133); font-weight: bold;\" href=\"https:\/\/donomar.com\/\" target=\"_blank\">Don Omar<\/a><span style=\"font-family: Helvetica, sans-serif; font-size: 16px; text-align: justify; white-space: normal;\">\u00a0es uno de pasi\u00f3n, reinvenci\u00f3n y \u00e9xito implacable, un testimonio de su estatus como verdadero \u00edcono cultural.<\/span><\/p>\n\n\n\n<p><a href=\"https:\/\/donomar.com\/\" target=\"_blank\" rel=\"noreferrer noopener\">Don Omar<\/a>&nbsp;volver\u00e1 con un show especial, completamente renovado, y entre sus citas est\u00e1&nbsp;<a href=\"https:\/\/purolatino.es\/cadiz\/\" target=\"_blank\" rel=\"noreferrer noopener\">Puro Latino El Puerto de Santa Mar\u00eda Fest<\/a>, cita a la que vuelve siete a\u00f1os despu\u00e9s. Un momento perfecto para disfrutar hits inolvidables como&nbsp;<a href=\"https:\/\/open.spotify.com\/intl-es\/track\/2a1o6ZejUi8U3wzzOtCOYw?si=3125d25a1f7843ad\" target=\"_blank\" rel=\"noreferrer noopener\">\u00abDanza Kuduro\u00bb<\/a>,&nbsp;<a href=\"https:\/\/open.spotify.com\/intl-es\/track\/4cyYC67XY3weSVmSLdKLP8?si=d33a81025ee6446b\" target=\"_blank\" rel=\"noreferrer noopener\">\u00abTaboo\u00bb<\/a>&nbsp;o&nbsp;<a href=\"https:\/\/open.spotify.com\/intl-es\/track\/4s7DK08ZqqU5EnjvQ6Vlle?si=7523cd5543c84127\" target=\"_blank\" rel=\"noreferrer noopener\">\u00abHasta Abajo\u00bb<\/a>, incluidos en&nbsp;<a href=\"https:\/\/open.spotify.com\/intl-es\/album\/6mGDfbDErYIJsmSewvccWm?si=5VDTpSYfQ2uqKmmxs230yg\" target=\"_blank\" rel=\"noreferrer noopener\">\u00abMeet The Orphans\u00bb<\/a>, LP que cumpli\u00f3 tres lustros en 2025. Temas que no solo marcaron a una generaci\u00f3n, todav\u00eda suenan hoy con la misma fuerza.<\/p>\n\n\n\n<p>La alta demanda tras esta confirmaci\u00f3n hace que sea necesario establecer un pre-registro para la compra de entradas, en el cual se podr\u00e1n inscribir las personas interesadas hasta el&nbsp;<strong>martes 24 de marzo a las 10:00 horas<\/strong>. Tras el cierre de esta compra preferente, que podr\u00e1n formalizar en las siguientes 24 horas, el d\u00eda 25 se abrir\u00e1 la venta para todo el p\u00fablico en general a partir de las doce del mediod\u00eda. Toda la informaci\u00f3n est\u00e1 en la p\u00e1gina web de&nbsp;<a href=\"https:\/\/purolatino.es\/cadiz\/\" target=\"_blank\" rel=\"noreferrer noopener\">Puro Latino El Puerto de Santa Mar\u00eda Fest<\/a>.<\/p>\n","protected":false},"excerpt":{"rendered":"<p>Don Omar\u00a0vuelve a los escenarios espa\u00f1oles y una de sus fechas ser\u00e1 en\u00a0Puro Latino El Puerto de Santa Mar\u00eda Fest, cita a la que regresa siete a\u00f1os despu\u00e9s. \u00a1Un momento hist\u00f3rico!<\/p>\n","protected":false},"author":3,"featured_media":3007,"comment_status":"closed","ping_status":"closed","sticky":false,"template":"","format":"standard","meta":{"_jetpack_memberships_contains_paid_content":false,"footnotes":""},"categories":[3],"tags":[],"class_list":["post-3010","post","type-post","status-publish","format-standard","has-post-thumbnail","hentry","category-noticias"],"yoast_head":"<!-- This site is optimized with the Yoast SEO plugin v27.5 - https:\/\/yoast.com\/product\/yoast-seo-wordpress\/ -->\n<title>&quot;EL REY&quot; VUELVE A SU REINADO: DON OMAR REGRESA A PURO LATINO C\u00c1DIZ - Cadiz<\/title>\n<meta name=\"robots\" content=\"index, follow, max-snippet:-1, max-image-preview:large, max-video-preview:-1\" \/>\n<link rel=\"canonical\" href=\"https:\/\/purolatino.es\/cadiz\/el-rey-vuelve-a-su-reinado-don-omar-regresa-a-puro-latino-cadiz\/\" \/>\n<meta property=\"og:locale\" content=\"es_ES\" \/>\n<meta property=\"og:type\" content=\"article\" \/>\n<meta property=\"og:title\" content=\"&quot;EL REY&quot; VUELVE A SU REINADO: DON OMAR REGRESA A PURO LATINO C\u00c1DIZ - Cadiz\" \/>\n<meta property=\"og:description\" content=\"Don Omar\u00a0vuelve a los escenarios espa\u00f1oles y una de sus fechas ser\u00e1 en\u00a0Puro Latino El Puerto de Santa Mar\u00eda Fest, cita a la que regresa siete a\u00f1os despu\u00e9s. \u00a1Un momento hist\u00f3rico!\" \/>\n<meta property=\"og:url\" content=\"https:\/\/purolatino.es\/cadiz\/el-rey-vuelve-a-su-reinado-don-omar-regresa-a-puro-latino-cadiz\/\" \/>\n<meta property=\"og:site_name\" content=\"Cadiz\" \/>\n<meta property=\"article:published_time\" content=\"2026-03-16T09:36:06+00:00\" \/>\n<meta property=\"article:modified_time\" content=\"2026-03-16T09:36:23+00:00\" \/>\n<meta property=\"og:image\" content=\"https:\/\/purolatino.es\/cadiz\/wp-content\/uploads\/sites\/10\/2026\/03\/DON-OMAR-PURO-LATINO-PUERTO.jpeg\" \/>\n\t<meta property=\"og:image:width\" content=\"1080\" \/>\n\t<meta property=\"og:image:height\" content=\"1080\" \/>\n\t<meta property=\"og:image:type\" content=\"image\/jpeg\" \/>\n<meta name=\"author\" content=\"Puro\" \/>\n<meta name=\"twitter:card\" content=\"summary_large_image\" \/>\n<meta name=\"twitter:label1\" content=\"Escrito por\" \/>\n\t<meta name=\"twitter:data1\" content=\"Puro\" \/>\n\t<meta name=\"twitter:label2\" content=\"Tiempo de lectura\" \/>\n\t<meta name=\"twitter:data2\" content=\"3 minutos\" \/>\n<script type=\"application\/ld+json\" class=\"yoast-schema-graph\">{\"@context\":\"https:\\\/\\\/schema.org\",\"@graph\":[{\"@type\":\"Article\",\"@id\":\"https:\\\/\\\/purolatino.es\\\/cadiz\\\/el-rey-vuelve-a-su-reinado-don-omar-regresa-a-puro-latino-cadiz\\\/#article\",\"isPartOf\":{\"@id\":\"https:\\\/\\\/purolatino.es\\\/cadiz\\\/el-rey-vuelve-a-su-reinado-don-omar-regresa-a-puro-latino-cadiz\\\/\"},\"author\":{\"name\":\"Puro\",\"@id\":\"https:\\\/\\\/purolatino.es\\\/cadiz\\\/#\\\/schema\\\/person\\\/db5ca1e09c6d1e9103de223ec1e5a543\"},\"headline\":\"\u00abEL REY\u00bb VUELVE A SU REINADO: DON OMAR REGRESA A PURO LATINO C\u00c1DIZ\",\"datePublished\":\"2026-03-16T09:36:06+00:00\",\"dateModified\":\"2026-03-16T09:36:23+00:00\",\"mainEntityOfPage\":{\"@id\":\"https:\\\/\\\/purolatino.es\\\/cadiz\\\/el-rey-vuelve-a-su-reinado-don-omar-regresa-a-puro-latino-cadiz\\\/\"},\"wordCount\":505,\"image\":{\"@id\":\"https:\\\/\\\/purolatino.es\\\/cadiz\\\/el-rey-vuelve-a-su-reinado-don-omar-regresa-a-puro-latino-cadiz\\\/#primaryimage\"},\"thumbnailUrl\":\"https:\\\/\\\/purolatino.es\\\/cadiz\\\/wp-content\\\/uploads\\\/sites\\\/10\\\/2026\\\/03\\\/DON-OMAR-PURO-LATINO-PUERTO.jpeg\",\"articleSection\":[\"noticias\"],\"inLanguage\":\"es\"},{\"@type\":\"WebPage\",\"@id\":\"https:\\\/\\\/purolatino.es\\\/cadiz\\\/el-rey-vuelve-a-su-reinado-don-omar-regresa-a-puro-latino-cadiz\\\/\",\"url\":\"https:\\\/\\\/purolatino.es\\\/cadiz\\\/el-rey-vuelve-a-su-reinado-don-omar-regresa-a-puro-latino-cadiz\\\/\",\"name\":\"\\\"EL REY\\\" VUELVE A SU REINADO: DON OMAR REGRESA A PURO LATINO C\u00c1DIZ - Cadiz\",\"isPartOf\":{\"@id\":\"https:\\\/\\\/purolatino.es\\\/cadiz\\\/#website\"},\"primaryImageOfPage\":{\"@id\":\"https:\\\/\\\/purolatino.es\\\/cadiz\\\/el-rey-vuelve-a-su-reinado-don-omar-regresa-a-puro-latino-cadiz\\\/#primaryimage\"},\"image\":{\"@id\":\"https:\\\/\\\/purolatino.es\\\/cadiz\\\/el-rey-vuelve-a-su-reinado-don-omar-regresa-a-puro-latino-cadiz\\\/#primaryimage\"},\"thumbnailUrl\":\"https:\\\/\\\/purolatino.es\\\/cadiz\\\/wp-content\\\/uploads\\\/sites\\\/10\\\/2026\\\/03\\\/DON-OMAR-PURO-LATINO-PUERTO.jpeg\",\"datePublished\":\"2026-03-16T09:36:06+00:00\",\"dateModified\":\"2026-03-16T09:36:23+00:00\",\"author\":{\"@id\":\"https:\\\/\\\/purolatino.es\\\/cadiz\\\/#\\\/schema\\\/person\\\/db5ca1e09c6d1e9103de223ec1e5a543\"},\"breadcrumb\":{\"@id\":\"https:\\\/\\\/purolatino.es\\\/cadiz\\\/el-rey-vuelve-a-su-reinado-don-omar-regresa-a-puro-latino-cadiz\\\/#breadcrumb\"},\"inLanguage\":\"es\",\"potentialAction\":[{\"@type\":\"ReadAction\",\"target\":[\"https:\\\/\\\/purolatino.es\\\/cadiz\\\/el-rey-vuelve-a-su-reinado-don-omar-regresa-a-puro-latino-cadiz\\\/\"]}]},{\"@type\":\"ImageObject\",\"inLanguage\":\"es\",\"@id\":\"https:\\\/\\\/purolatino.es\\\/cadiz\\\/el-rey-vuelve-a-su-reinado-don-omar-regresa-a-puro-latino-cadiz\\\/#primaryimage\",\"url\":\"https:\\\/\\\/purolatino.es\\\/cadiz\\\/wp-content\\\/uploads\\\/sites\\\/10\\\/2026\\\/03\\\/DON-OMAR-PURO-LATINO-PUERTO.jpeg\",\"contentUrl\":\"https:\\\/\\\/purolatino.es\\\/cadiz\\\/wp-content\\\/uploads\\\/sites\\\/10\\\/2026\\\/03\\\/DON-OMAR-PURO-LATINO-PUERTO.jpeg\",\"width\":1080,\"height\":1080},{\"@type\":\"BreadcrumbList\",\"@id\":\"https:\\\/\\\/purolatino.es\\\/cadiz\\\/el-rey-vuelve-a-su-reinado-don-omar-regresa-a-puro-latino-cadiz\\\/#breadcrumb\",\"itemListElement\":[{\"@type\":\"ListItem\",\"position\":1,\"name\":\"Portada\",\"item\":\"https:\\\/\\\/purolatino.es\\\/cadiz\\\/\"},{\"@type\":\"ListItem\",\"position\":2,\"name\":\"\u00abEL REY\u00bb VUELVE A SU REINADO: DON OMAR REGRESA A PURO LATINO C\u00c1DIZ\"}]},{\"@type\":\"WebSite\",\"@id\":\"https:\\\/\\\/purolatino.es\\\/cadiz\\\/#website\",\"url\":\"https:\\\/\\\/purolatino.es\\\/cadiz\\\/\",\"name\":\"Cadiz\",\"description\":\"El mayor festival de reggaeton de Espa\u00f1a en el Puerto de Santa Mar\u00eda\",\"potentialAction\":[{\"@type\":\"SearchAction\",\"target\":{\"@type\":\"EntryPoint\",\"urlTemplate\":\"https:\\\/\\\/purolatino.es\\\/cadiz\\\/?s={search_term_string}\"},\"query-input\":{\"@type\":\"PropertyValueSpecification\",\"valueRequired\":true,\"valueName\":\"search_term_string\"}}],\"inLanguage\":\"es\"},{\"@type\":\"Person\",\"@id\":\"https:\\\/\\\/purolatino.es\\\/cadiz\\\/#\\\/schema\\\/person\\\/db5ca1e09c6d1e9103de223ec1e5a543\",\"name\":\"Puro\",\"url\":\"https:\\\/\\\/purolatino.es\\\/cadiz\\\/author\\\/platino\\\/\"}]}<\/script>\n<!-- \/ Yoast SEO plugin. -->","yoast_head_json":{"title":"\"EL REY\" VUELVE A SU REINADO: DON OMAR REGRESA A PURO LATINO C\u00c1DIZ - Cadiz","robots":{"index":"index","follow":"follow","max-snippet":"max-snippet:-1","max-image-preview":"max-image-preview:large","max-video-preview":"max-video-preview:-1"},"canonical":"https:\/\/purolatino.es\/cadiz\/el-rey-vuelve-a-su-reinado-don-omar-regresa-a-puro-latino-cadiz\/","og_locale":"es_ES","og_type":"article","og_title":"\"EL REY\" VUELVE A SU REINADO: DON OMAR REGRESA A PURO LATINO C\u00c1DIZ - Cadiz","og_description":"Don Omar\u00a0vuelve a los escenarios espa\u00f1oles y una de sus fechas ser\u00e1 en\u00a0Puro Latino El Puerto de Santa Mar\u00eda Fest, cita a la que regresa siete a\u00f1os despu\u00e9s. \u00a1Un momento hist\u00f3rico!","og_url":"https:\/\/purolatino.es\/cadiz\/el-rey-vuelve-a-su-reinado-don-omar-regresa-a-puro-latino-cadiz\/","og_site_name":"Cadiz","article_published_time":"2026-03-16T09:36:06+00:00","article_modified_time":"2026-03-16T09:36:23+00:00","og_image":[{"width":1080,"height":1080,"url":"https:\/\/purolatino.es\/cadiz\/wp-content\/uploads\/sites\/10\/2026\/03\/DON-OMAR-PURO-LATINO-PUERTO.jpeg","type":"image\/jpeg"}],"author":"Puro","twitter_card":"summary_large_image","twitter_misc":{"Escrito por":"Puro","Tiempo de lectura":"3 minutos"},"schema":{"@context":"https:\/\/schema.org","@graph":[{"@type":"Article","@id":"https:\/\/purolatino.es\/cadiz\/el-rey-vuelve-a-su-reinado-don-omar-regresa-a-puro-latino-cadiz\/#article","isPartOf":{"@id":"https:\/\/purolatino.es\/cadiz\/el-rey-vuelve-a-su-reinado-don-omar-regresa-a-puro-latino-cadiz\/"},"author":{"name":"Puro","@id":"https:\/\/purolatino.es\/cadiz\/#\/schema\/person\/db5ca1e09c6d1e9103de223ec1e5a543"},"headline":"\u00abEL REY\u00bb VUELVE A SU REINADO: DON OMAR REGRESA A PURO LATINO C\u00c1DIZ","datePublished":"2026-03-16T09:36:06+00:00","dateModified":"2026-03-16T09:36:23+00:00","mainEntityOfPage":{"@id":"https:\/\/purolatino.es\/cadiz\/el-rey-vuelve-a-su-reinado-don-omar-regresa-a-puro-latino-cadiz\/"},"wordCount":505,"image":{"@id":"https:\/\/purolatino.es\/cadiz\/el-rey-vuelve-a-su-reinado-don-omar-regresa-a-puro-latino-cadiz\/#primaryimage"},"thumbnailUrl":"https:\/\/purolatino.es\/cadiz\/wp-content\/uploads\/sites\/10\/2026\/03\/DON-OMAR-PURO-LATINO-PUERTO.jpeg","articleSection":["noticias"],"inLanguage":"es"},{"@type":"WebPage","@id":"https:\/\/purolatino.es\/cadiz\/el-rey-vuelve-a-su-reinado-don-omar-regresa-a-puro-latino-cadiz\/","url":"https:\/\/purolatino.es\/cadiz\/el-rey-vuelve-a-su-reinado-don-omar-regresa-a-puro-latino-cadiz\/","name":"\"EL REY\" VUELVE A SU REINADO: DON OMAR REGRESA A PURO LATINO C\u00c1DIZ - Cadiz","isPartOf":{"@id":"https:\/\/purolatino.es\/cadiz\/#website"},"primaryImageOfPage":{"@id":"https:\/\/purolatino.es\/cadiz\/el-rey-vuelve-a-su-reinado-don-omar-regresa-a-puro-latino-cadiz\/#primaryimage"},"image":{"@id":"https:\/\/purolatino.es\/cadiz\/el-rey-vuelve-a-su-reinado-don-omar-regresa-a-puro-latino-cadiz\/#primaryimage"},"thumbnailUrl":"https:\/\/purolatino.es\/cadiz\/wp-content\/uploads\/sites\/10\/2026\/03\/DON-OMAR-PURO-LATINO-PUERTO.jpeg","datePublished":"2026-03-16T09:36:06+00:00","dateModified":"2026-03-16T09:36:23+00:00","author":{"@id":"https:\/\/purolatino.es\/cadiz\/#\/schema\/person\/db5ca1e09c6d1e9103de223ec1e5a543"},"breadcrumb":{"@id":"https:\/\/purolatino.es\/cadiz\/el-rey-vuelve-a-su-reinado-don-omar-regresa-a-puro-latino-cadiz\/#breadcrumb"},"inLanguage":"es","potentialAction":[{"@type":"ReadAction","target":["https:\/\/purolatino.es\/cadiz\/el-rey-vuelve-a-su-reinado-don-omar-regresa-a-puro-latino-cadiz\/"]}]},{"@type":"ImageObject","inLanguage":"es","@id":"https:\/\/purolatino.es\/cadiz\/el-rey-vuelve-a-su-reinado-don-omar-regresa-a-puro-latino-cadiz\/#primaryimage","url":"https:\/\/purolatino.es\/cadiz\/wp-content\/uploads\/sites\/10\/2026\/03\/DON-OMAR-PURO-LATINO-PUERTO.jpeg","contentUrl":"https:\/\/purolatino.es\/cadiz\/wp-content\/uploads\/sites\/10\/2026\/03\/DON-OMAR-PURO-LATINO-PUERTO.jpeg","width":1080,"height":1080},{"@type":"BreadcrumbList","@id":"https:\/\/purolatino.es\/cadiz\/el-rey-vuelve-a-su-reinado-don-omar-regresa-a-puro-latino-cadiz\/#breadcrumb","itemListElement":[{"@type":"ListItem","position":1,"name":"Portada","item":"https:\/\/purolatino.es\/cadiz\/"},{"@type":"ListItem","position":2,"name":"\u00abEL REY\u00bb VUELVE A SU REINADO: DON OMAR REGRESA A PURO LATINO C\u00c1DIZ"}]},{"@type":"WebSite","@id":"https:\/\/purolatino.es\/cadiz\/#website","url":"https:\/\/purolatino.es\/cadiz\/","name":"Cadiz","description":"El mayor festival de reggaeton de Espa\u00f1a en el Puerto de Santa Mar\u00eda","potentialAction":[{"@type":"SearchAction","target":{"@type":"EntryPoint","urlTemplate":"https:\/\/purolatino.es\/cadiz\/?s={search_term_string}"},"query-input":{"@type":"PropertyValueSpecification","valueRequired":true,"valueName":"search_term_string"}}],"inLanguage":"es"},{"@type":"Person","@id":"https:\/\/purolatino.es\/cadiz\/#\/schema\/person\/db5ca1e09c6d1e9103de223ec1e5a543","name":"Puro","url":"https:\/\/purolatino.es\/cadiz\/author\/platino\/"}]}},"jetpack_featured_media_url":"https:\/\/purolatino.es\/cadiz\/wp-content\/uploads\/sites\/10\/2026\/03\/DON-OMAR-PURO-LATINO-PUERTO.jpeg","jetpack_sharing_enabled":true,"_links":{"self":[{"href":"https:\/\/purolatino.es\/cadiz\/wp-json\/wp\/v2\/posts\/3010","targetHints":{"allow":["GET"]}}],"collection":[{"href":"https:\/\/purolatino.es\/cadiz\/wp-json\/wp\/v2\/posts"}],"about":[{"href":"https:\/\/purolatino.es\/cadiz\/wp-json\/wp\/v2\/types\/post"}],"author":[{"embeddable":true,"href":"https:\/\/purolatino.es\/cadiz\/wp-json\/wp\/v2\/users\/3"}],"replies":[{"embeddable":true,"href":"https:\/\/purolatino.es\/cadiz\/wp-json\/wp\/v2\/comments?post=3010"}],"version-history":[{"count":1,"href":"https:\/\/purolatino.es\/cadiz\/wp-json\/wp\/v2\/posts\/3010\/revisions"}],"predecessor-version":[{"id":3011,"href":"https:\/\/purolatino.es\/cadiz\/wp-json\/wp\/v2\/posts\/3010\/revisions\/3011"}],"wp:featuredmedia":[{"embeddable":true,"href":"https:\/\/purolatino.es\/cadiz\/wp-json\/wp\/v2\/media\/3007"}],"wp:attachment":[{"href":"https:\/\/purolatino.es\/cadiz\/wp-json\/wp\/v2\/media?parent=3010"}],"wp:term":[{"taxonomy":"category","embeddable":true,"href":"https:\/\/purolatino.es\/cadiz\/wp-json\/wp\/v2\/categories?post=3010"},{"taxonomy":"post_tag","embeddable":true,"href":"https:\/\/purolatino.es\/cadiz\/wp-json\/wp\/v2\/tags?post=3010"}],"curies":[{"name":"wp","href":"https:\/\/api.w.org\/{rel}","templated":true}]}}