{"id":3070,"date":"2026-04-27T13:21:38","date_gmt":"2026-04-27T13:21:38","guid":{"rendered":"https:\/\/purolatino.es\/cadiz\/?p=3070"},"modified":"2026-04-27T13:23:02","modified_gmt":"2026-04-27T13:23:02","slug":"hades66-y-cali-el-dandee-se-vienen","status":"publish","type":"post","link":"https:\/\/purolatino.es\/cadiz\/hades66-y-cali-el-dandee-se-vienen\/","title":{"rendered":"HADES66 Y CALI &amp; EL DANDEE, \u00a1SE VIENEN!"},"content":{"rendered":"\n<p><strong>Solo han pasado unos d\u00edas tras\u00a0la incorporaci\u00f3n de\u00a0<a href=\"https:\/\/open.spotify.com\/intl-es\/artist\/3E12tRURRvPfHz0hAMCFYc?si=iuE5vN4QRE-lsMQrxYjv1A\" target=\"_blank\" rel=\"noreferrer noopener\">Omar Courtz<\/a>\u00a0y el\u00a0<a href=\"https:\/\/purolatino.es\/cadiz\/\" target=\"_blank\" rel=\"noreferrer noopener\">Puro Latino El Puerto de Santa Mar\u00eda Fest<\/a>\u00a0vuelve a liarla:\u00a0\u00a1<a href=\"https:\/\/open.spotify.com\/intl-es\/artist\/4CQdcx66F116k2db2Y0rjE\" target=\"_blank\" rel=\"noreferrer noopener\">Hades66<\/a>\u00a0y\u00a0<a href=\"https:\/\/open.spotify.com\/intl-es\/artist\/5DUlefCLzVRzNWaNURTFpK?si=JmtAiynxReG_uO6QRykvEg\" target=\"_blank\" rel=\"noreferrer noopener\">Cali &amp; El Dandee<\/a>\u00a0se apuntan tambi\u00e9n!\u00a0\u00a0Esta\u00a0s\u00e9ptima edici\u00f3n\u00a0ser\u00e1 \u00e9pica, con un cartel que incluye a\u00a0<a href=\"https:\/\/donomar.com\/\" target=\"_blank\" rel=\"noreferrer noopener\">Don Omar<\/a>,\u00a0<a href=\"https:\/\/open.spotify.com\/intl-es\/artist\/1ackd5XprZEkH3McKbQD51?si=qIJ3z1puRnCIFYKf0Yk3hA\" target=\"_blank\" rel=\"noreferrer noopener\">Juan Magan<\/a>,\u00a0<a href=\"https:\/\/open.spotify.com\/intl-es\/artist\/2R21vXR83lH98kGeO99Y66?si=6FwvSz7HQr2TexIOYx2aAA\" target=\"_blank\" rel=\"noreferrer noopener\">Anuel AA<\/a>,\u00a0<a href=\"https:\/\/open.spotify.com\/intl-es\/artist\/7iK8PXO48WeuP03g8YR51W?si=vx-PLlJaQu2nyemNY3uW_Q\" target=\"_blank\" rel=\"noreferrer noopener\">Myke Towers<\/a>,\u00a0<a href=\"https:\/\/open.spotify.com\/intl-es\/artist\/12vb80Km0Ew53ABfJOepVz?si=J38EsdQcTkOUrfzLFhc6wA\" target=\"_blank\" rel=\"noreferrer noopener\">\u00d1engo Flow<\/a>,\u00a0<a href=\"https:\/\/open.spotify.com\/intl-es\/artist\/10VBp06W8NIgMW4JruLCC4?si=BAW4ZImJTQWZphiSFQ_37w\" target=\"_blank\" rel=\"noreferrer noopener\">Kidd Voodoo<\/a>,\u00a0<a href=\"https:\/\/open.spotify.com\/intl-es\/artist\/0Yg29FX1M4ayqjXs0ttZFq?si=s3AMAb-sTByQgIO_X3v9Mg\" target=\"_blank\" rel=\"noreferrer noopener\">Young Cister<\/a>,\u00a0<a href=\"https:\/\/open.spotify.com\/intl-es\/artist\/4cYbf45YbZptNISnhay0xH?si=1A1oQ8wdQbWfp-NAi_L5xw\" target=\"_blank\" rel=\"noreferrer noopener\">ROA<\/a>,\u00a0<a href=\"https:\/\/open.spotify.com\/intl-es\/artist\/5I8OAPN5jY1wvHwpnsRRsA?si=Hnnj9l9ITqSXoiMW7C7Akg\" target=\"_blank\" rel=\"noreferrer noopener\">Kybba<\/a>,\u00a0<a href=\"https:\/\/open.spotify.com\/intl-es\/artist\/2O8vbr4RYPpk6MRA4fio7u?si=KWBrUzDvRoebt5bCL28GQA\" target=\"_blank\" rel=\"noreferrer noopener\">SAIKO<\/a>,\u00a0<a href=\"https:\/\/open.spotify.com\/intl-es\/artist\/0FwnPHExlRRxEZPLAi5tmG?si=Fa5G1pB0RQK5FY-W5So6FQ\" target=\"_blank\" rel=\"noreferrer noopener\">JC Reyes<\/a>,\u00a0<a href=\"https:\/\/open.spotify.com\/intl-es\/artist\/7trKViRlVbKr7Yrh9ygHnS?si=L1zCcMMXTzSXU95SF3vx3g\" target=\"_blank\" rel=\"noreferrer noopener\">Jos\u00e9 de las Heras<\/a>\u00a0o\u00a0<a href=\"https:\/\/open.spotify.com\/intl-es\/artist\/7u3vbdqtash5J8vjtX6IcM?si=oOE3cZjaTHqNuqui2x1Q_A\" target=\"_blank\" rel=\"noreferrer noopener\">Alvama Ice<\/a>, \u00a1incre\u00edble!<\/strong><\/p>\n\n\n\n<!--more-->\n\n\n\n<p>\u00a1En&nbsp;<a href=\"https:\/\/purolatino.es\/cadiz\/\" target=\"_blank\" rel=\"noreferrer noopener\">Puro Latino El Puerto de Santa Mar\u00eda Fest<\/a>&nbsp;han decidido no parar nunca! Solo unos d\u00edas despu\u00e9s de la&nbsp;<a href=\"https:\/\/preview.mailerlite.io\/preview\/1048304\/emails\/184985198779172565\" target=\"_blank\" rel=\"noreferrer noopener\">\u00faltima confirmaci\u00f3n<\/a>, hoy amanecemos con el anuncio de&nbsp;que&nbsp;\u00c1ngel Yamil Santiago V\u00e1zquez, es decir&nbsp;<a href=\"https:\/\/open.spotify.com\/intl-es\/artist\/4CQdcx66F116k2db2Y0rjE\" target=\"_blank\" rel=\"noreferrer noopener\">Hades66<\/a>, tambi\u00e9n se viene. El&nbsp;talentoso rapero puertorrique\u00f1o ha conquistado la escena urbana con su estilo callejero y hits del calibre de&nbsp;<a href=\"https:\/\/open.spotify.com\/intl-es\/track\/3WCqhz3sOiO73D28wBFdDt?si=80a4fbe32b544d37\" target=\"_blank\" rel=\"noreferrer noopener\">\u00abLukeando\u00bb<\/a>,&nbsp;<a href=\"https:\/\/open.spotify.com\/intl-es\/track\/25UqAukLdQmStaeK5iEqIT\" target=\"_blank\" rel=\"noreferrer noopener\">\u00abUuU1\u00bb<\/a>&nbsp;o&nbsp;<a href=\"https:\/\/open.spotify.com\/intl-es\/track\/4M4Tc6Mx3IZhOXD8H7Iziq?si=1cff890035374bad\" target=\"_blank\" rel=\"noreferrer noopener\">\u00abEmociones\u00bb<\/a>, entre muchos otros.<\/p>\n\n\n\n<p>No es la \u00fanica confirmaci\u00f3n, adem\u00e1s. Un d\u00fao legendario, el formado por&nbsp;Alejandro Rengifo y Mauricio Rengifo, tambi\u00e9n se apunta. Los colombianos, m\u00e1s conocidos como&nbsp;<a href=\"https:\/\/open.spotify.com\/intl-es\/artist\/5DUlefCLzVRzNWaNURTFpK?si=JmtAiynxReG_uO6QRykvEg\" target=\"_blank\" rel=\"noreferrer noopener\">Cali &amp; El Dandee<\/a>, no han parado de cosechar \u00e9xitos y adem\u00e1s con mucha vinculaci\u00f3n espa\u00f1ola, como demuestran&nbsp;<a href=\"https:\/\/open.spotify.com\/intl-es\/track\/3pfGTMNDUJwj4cBN6op9m6?si=74f746a4fe3c4368\" target=\"_blank\" rel=\"noreferrer noopener\">\u00abGol\u00bb<\/a>, junto a&nbsp;<strong>David Bisbal<\/strong>, \u00ab<a href=\"https:\/\/open.spotify.com\/intl-es\/album\/6waZU5OJmLrEJqUvy4Zytm?si=HWWTmpqISnWqf94Api5hVw\" target=\"_blank\" rel=\"noreferrer noopener\">Por fin te encontr\u00e9\u00bb<\/a>, con nuestro querido&nbsp;<a href=\"https:\/\/open.spotify.com\/intl-es\/artist\/1ackd5XprZEkH3McKbQD51?si=qIJ3z1puRnCIFYKf0Yk3hA\" target=\"_blank\" rel=\"noreferrer noopener\">Juan Magan<\/a>, o&nbsp;<a href=\"https:\/\/open.spotify.com\/album\/1LpGk730HxND92t3AW8Jee?si=agv6brSkSlGXNNl8QrVleA\" target=\"_blank\" rel=\"noreferrer noopener\">\u00abSoltera\u00bb<\/a>, con&nbsp;<strong>Omar Montes<\/strong>. \u00a1Ser\u00e1 imposible dejar de cantar!<\/p>\n\n\n\n<p>Esta cita para el verano de 2026 con el&nbsp;<a href=\"https:\/\/purolatino.es\/cadiz\/\" target=\"_blank\" rel=\"noreferrer noopener\">Puro Latino El Puerto de Santa Mar\u00eda Fest<\/a>&nbsp;va confeccionando un cartel que solo puede ser definido como impresionante: aparte de las dos nuevas incorporaciones, en la lista se incluye a&nbsp;<a href=\"https:\/\/donomar.com\/\" target=\"_blank\" rel=\"noreferrer noopener\">Don Omar<\/a>,&nbsp;<a href=\"https:\/\/open.spotify.com\/intl-es\/artist\/2R21vXR83lH98kGeO99Y66?si=kaG8A_PaTqupJkBcVNMhZA\" target=\"_blank\" rel=\"noreferrer noopener\">Anuel AA<\/a>,&nbsp;<a href=\"https:\/\/open.spotify.com\/intl-es\/artist\/7iK8PXO48WeuP03g8YR51W?si=kQ-GLBCWTQe7maphkPnTPg\" target=\"_blank\" rel=\"noreferrer noopener\">Myke Towers<\/a>,&nbsp;<a href=\"https:\/\/open.spotify.com\/intl-es\/artist\/12vb80Km0Ew53ABfJOepVz?si=J38EsdQcTkOUrfzLFhc6wA\" target=\"_blank\" rel=\"noreferrer noopener\">\u00d1engo Flow<\/a>,&nbsp;<a href=\"https:\/\/open.spotify.com\/intl-es\/artist\/1ackd5XprZEkH3McKbQD51?si=qIJ3z1puRnCIFYKf0Yk3hA\" target=\"_blank\" rel=\"noreferrer noopener\">Juan Magan<\/a>,&nbsp;<a href=\"https:\/\/open.spotify.com\/intl-es\/artist\/4cYbf45YbZptNISnhay0xH?si=1A1oQ8wdQbWfp-NAi_L5xw\" target=\"_blank\" rel=\"noreferrer noopener\">ROA<\/a>,&nbsp;<a href=\"https:\/\/open.spotify.com\/intl-es\/artist\/10VBp06W8NIgMW4JruLCC4?si=BAW4ZImJTQWZphiSFQ_37w\" target=\"_blank\" rel=\"noreferrer noopener\">Kidd Voodoo<\/a>,&nbsp;<a href=\"https:\/\/open.spotify.com\/intl-es\/artist\/0Yg29FX1M4ayqjXs0ttZFq?si=s3AMAb-sTByQgIO_X3v9Mg\" target=\"_blank\" rel=\"noreferrer noopener\">Young Cister<\/a>,&nbsp;<a href=\"https:\/\/open.spotify.com\/intl-es\/artist\/3E12tRURRvPfHz0hAMCFYc?si=iuE5vN4QRE-lsMQrxYjv1A\" target=\"_blank\" rel=\"noreferrer noopener\">Omar Courtz<\/a>,&nbsp;<a href=\"https:\/\/open.spotify.com\/intl-es\/artist\/2O8vbr4RYPpk6MRA4fio7u?si=Onfr5sT0Sza_ltqObmOVrg\" target=\"_blank\" rel=\"noreferrer noopener\">SAIKO<\/a>,&nbsp;<a href=\"https:\/\/open.spotify.com\/intl-es\/artist\/0FwnPHExlRRxEZPLAi5tmG?si=iuHlkK7CSTSduIRg2vzuXQ\" target=\"_blank\" rel=\"noreferrer noopener\">JC Reyes<\/a>,&nbsp;<a href=\"https:\/\/open.spotify.com\/intl-es\/artist\/5I8OAPN5jY1wvHwpnsRRsA?si=Hnnj9l9ITqSXoiMW7C7Akg\" target=\"_blank\" rel=\"noreferrer noopener\">Kybba<\/a>,&nbsp;<a href=\"https:\/\/open.spotify.com\/intl-es\/artist\/7trKViRlVbKr7Yrh9ygHnS?si=L1zCcMMXTzSXU95SF3vx3g\" target=\"_blank\" rel=\"noreferrer noopener\">Jos\u00e9 de las Heras<\/a>&nbsp;o&nbsp;<a href=\"https:\/\/open.spotify.com\/intl-es\/artist\/7u3vbdqtash5J8vjtX6IcM?si=HiwEp9RURSakGxR2gOaRbQ\" target=\"_blank\" rel=\"noreferrer noopener\">Alvama Ice<\/a>.<\/p>\n\n\n\n<p>El&nbsp;<a href=\"https:\/\/purolatino.es\/\" target=\"_blank\" rel=\"noreferrer noopener\">Puro Latino Fest<\/a>&nbsp;con m\u00e1s historia se celebrar\u00e1 desde&nbsp;<strong>el 23 al 25 de julio&nbsp;<\/strong>en la hermosa ciudad costera y lo mejor es&nbsp;<a href=\"https:\/\/purolatino.es\/cadiz\/entradas\/\" target=\"_blank\" rel=\"noreferrer noopener\">asegurarse ya las entradas o los abonos<\/a>&nbsp;en&nbsp;<a href=\"https:\/\/exzqyw.clicks.mlsend.com\/tj\/cl\/eyJ2Ijoie1wiYVwiOjEwNDgzMDQsXCJsXCI6MTg0OTgyMjc2MDg3NDgxNTE5LFwiclwiOjE4NDk4MjI5NjU1OTg3OTkwOH0iLCJzIjoiMmI2YWM3ODhiZDNmOTg3MCJ9\" target=\"_blank\" rel=\"noreferrer noopener\">www.purolatino.es<\/a>, aprovechando que el precio es fant\u00e1stico y que este a\u00f1o incluyen un seguro de no asistencia gratuito (condiciones en la web). Para mayor comodidad, cada compra puede englobar hasta cuatro tickets, a los que permite aplicar tambi\u00e9n el&nbsp;<strong>Bono Cultural<\/strong>. \u00a1No lo dejes para el final!<\/p>\n","protected":false},"excerpt":{"rendered":"<p>Solo han pasado unos d\u00edas tras\u00a0la incorporaci\u00f3n de\u00a0Omar Courtz\u00a0y el\u00a0Puro Latino El Puerto de Santa Mar\u00eda Fest\u00a0vuelve a liarla:\u00a0\u00a1Hades66\u00a0y\u00a0Cali &amp; El Dandee\u00a0se apuntan tambi\u00e9n!\u00a0\u00a0Esta\u00a0s\u00e9ptima edici\u00f3n\u00a0ser\u00e1 \u00e9pica, con un cartel que incluye a\u00a0Don Omar,\u00a0Juan Magan,\u00a0Anuel AA,\u00a0Myke Towers,\u00a0\u00d1engo Flow,\u00a0Kidd Voodoo,\u00a0Young Cister,\u00a0ROA,\u00a0Kybba,\u00a0SAIKO,\u00a0JC Reyes,\u00a0Jos\u00e9 de las Heras\u00a0o\u00a0Alvama Ice, \u00a1incre\u00edble!<\/p>\n","protected":false},"author":3,"featured_media":3073,"comment_status":"closed","ping_status":"closed","sticky":false,"template":"","format":"standard","meta":{"_jetpack_memberships_contains_paid_content":false,"footnotes":""},"categories":[3],"tags":[],"class_list":["post-3070","post","type-post","status-publish","format-standard","has-post-thumbnail","hentry","category-noticias"],"yoast_head":"<!-- This site is optimized with the Yoast SEO plugin v27.5 - https:\/\/yoast.com\/product\/yoast-seo-wordpress\/ -->\n<title>HADES66 Y CALI &amp; EL DANDEE, \u00a1SE VIENEN! - Cadiz<\/title>\n<meta name=\"robots\" content=\"index, follow, max-snippet:-1, max-image-preview:large, max-video-preview:-1\" \/>\n<link rel=\"canonical\" href=\"https:\/\/purolatino.es\/cadiz\/hades66-y-cali-el-dandee-se-vienen\/\" \/>\n<meta property=\"og:locale\" content=\"es_ES\" \/>\n<meta property=\"og:type\" content=\"article\" \/>\n<meta property=\"og:title\" content=\"HADES66 Y CALI &amp; EL DANDEE, \u00a1SE VIENEN! - Cadiz\" \/>\n<meta property=\"og:description\" content=\"Solo han pasado unos d\u00edas tras\u00a0la incorporaci\u00f3n de\u00a0Omar Courtz\u00a0y el\u00a0Puro Latino El Puerto de Santa Mar\u00eda Fest\u00a0vuelve a liarla:\u00a0\u00a1Hades66\u00a0y\u00a0Cali &amp; El Dandee\u00a0se apuntan tambi\u00e9n!\u00a0\u00a0Esta\u00a0s\u00e9ptima edici\u00f3n\u00a0ser\u00e1 \u00e9pica, con un cartel que incluye a\u00a0Don Omar,\u00a0Juan Magan,\u00a0Anuel AA,\u00a0Myke Towers,\u00a0\u00d1engo Flow,\u00a0Kidd Voodoo,\u00a0Young Cister,\u00a0ROA,\u00a0Kybba,\u00a0SAIKO,\u00a0JC Reyes,\u00a0Jos\u00e9 de las Heras\u00a0o\u00a0Alvama Ice, \u00a1incre\u00edble!\" \/>\n<meta property=\"og:url\" content=\"https:\/\/purolatino.es\/cadiz\/hades66-y-cali-el-dandee-se-vienen\/\" \/>\n<meta property=\"og:site_name\" content=\"Cadiz\" \/>\n<meta property=\"article:published_time\" content=\"2026-04-27T13:21:38+00:00\" \/>\n<meta property=\"article:modified_time\" content=\"2026-04-27T13:23:02+00:00\" \/>\n<meta property=\"og:image\" content=\"https:\/\/purolatino.es\/cadiz\/wp-content\/uploads\/sites\/10\/2026\/04\/purolatino.jpg\" \/>\n\t<meta property=\"og:image:width\" content=\"1080\" \/>\n\t<meta property=\"og:image:height\" content=\"1080\" \/>\n\t<meta property=\"og:image:type\" content=\"image\/jpeg\" \/>\n<meta name=\"author\" content=\"Puro\" \/>\n<meta name=\"twitter:card\" content=\"summary_large_image\" \/>\n<meta name=\"twitter:label1\" content=\"Escrito por\" \/>\n\t<meta name=\"twitter:data1\" content=\"Puro\" \/>\n\t<meta name=\"twitter:label2\" content=\"Tiempo de lectura\" \/>\n\t<meta name=\"twitter:data2\" content=\"2 minutos\" \/>\n<script type=\"application\/ld+json\" class=\"yoast-schema-graph\">{\"@context\":\"https:\\\/\\\/schema.org\",\"@graph\":[{\"@type\":\"Article\",\"@id\":\"https:\\\/\\\/purolatino.es\\\/cadiz\\\/hades66-y-cali-el-dandee-se-vienen\\\/#article\",\"isPartOf\":{\"@id\":\"https:\\\/\\\/purolatino.es\\\/cadiz\\\/hades66-y-cali-el-dandee-se-vienen\\\/\"},\"author\":{\"name\":\"Puro\",\"@id\":\"https:\\\/\\\/purolatino.es\\\/cadiz\\\/#\\\/schema\\\/person\\\/db5ca1e09c6d1e9103de223ec1e5a543\"},\"headline\":\"HADES66 Y CALI &amp; EL DANDEE, \u00a1SE VIENEN!\",\"datePublished\":\"2026-04-27T13:21:38+00:00\",\"dateModified\":\"2026-04-27T13:23:02+00:00\",\"mainEntityOfPage\":{\"@id\":\"https:\\\/\\\/purolatino.es\\\/cadiz\\\/hades66-y-cali-el-dandee-se-vienen\\\/\"},\"wordCount\":427,\"image\":{\"@id\":\"https:\\\/\\\/purolatino.es\\\/cadiz\\\/hades66-y-cali-el-dandee-se-vienen\\\/#primaryimage\"},\"thumbnailUrl\":\"https:\\\/\\\/purolatino.es\\\/cadiz\\\/wp-content\\\/uploads\\\/sites\\\/10\\\/2026\\\/04\\\/purolatino.jpg\",\"articleSection\":[\"noticias\"],\"inLanguage\":\"es\"},{\"@type\":\"WebPage\",\"@id\":\"https:\\\/\\\/purolatino.es\\\/cadiz\\\/hades66-y-cali-el-dandee-se-vienen\\\/\",\"url\":\"https:\\\/\\\/purolatino.es\\\/cadiz\\\/hades66-y-cali-el-dandee-se-vienen\\\/\",\"name\":\"HADES66 Y CALI &amp; EL DANDEE, \u00a1SE VIENEN! - Cadiz\",\"isPartOf\":{\"@id\":\"https:\\\/\\\/purolatino.es\\\/cadiz\\\/#website\"},\"primaryImageOfPage\":{\"@id\":\"https:\\\/\\\/purolatino.es\\\/cadiz\\\/hades66-y-cali-el-dandee-se-vienen\\\/#primaryimage\"},\"image\":{\"@id\":\"https:\\\/\\\/purolatino.es\\\/cadiz\\\/hades66-y-cali-el-dandee-se-vienen\\\/#primaryimage\"},\"thumbnailUrl\":\"https:\\\/\\\/purolatino.es\\\/cadiz\\\/wp-content\\\/uploads\\\/sites\\\/10\\\/2026\\\/04\\\/purolatino.jpg\",\"datePublished\":\"2026-04-27T13:21:38+00:00\",\"dateModified\":\"2026-04-27T13:23:02+00:00\",\"author\":{\"@id\":\"https:\\\/\\\/purolatino.es\\\/cadiz\\\/#\\\/schema\\\/person\\\/db5ca1e09c6d1e9103de223ec1e5a543\"},\"breadcrumb\":{\"@id\":\"https:\\\/\\\/purolatino.es\\\/cadiz\\\/hades66-y-cali-el-dandee-se-vienen\\\/#breadcrumb\"},\"inLanguage\":\"es\",\"potentialAction\":[{\"@type\":\"ReadAction\",\"target\":[\"https:\\\/\\\/purolatino.es\\\/cadiz\\\/hades66-y-cali-el-dandee-se-vienen\\\/\"]}]},{\"@type\":\"ImageObject\",\"inLanguage\":\"es\",\"@id\":\"https:\\\/\\\/purolatino.es\\\/cadiz\\\/hades66-y-cali-el-dandee-se-vienen\\\/#primaryimage\",\"url\":\"https:\\\/\\\/purolatino.es\\\/cadiz\\\/wp-content\\\/uploads\\\/sites\\\/10\\\/2026\\\/04\\\/purolatino.jpg\",\"contentUrl\":\"https:\\\/\\\/purolatino.es\\\/cadiz\\\/wp-content\\\/uploads\\\/sites\\\/10\\\/2026\\\/04\\\/purolatino.jpg\",\"width\":1080,\"height\":1080},{\"@type\":\"BreadcrumbList\",\"@id\":\"https:\\\/\\\/purolatino.es\\\/cadiz\\\/hades66-y-cali-el-dandee-se-vienen\\\/#breadcrumb\",\"itemListElement\":[{\"@type\":\"ListItem\",\"position\":1,\"name\":\"Portada\",\"item\":\"https:\\\/\\\/purolatino.es\\\/cadiz\\\/\"},{\"@type\":\"ListItem\",\"position\":2,\"name\":\"HADES66 Y CALI &amp; EL DANDEE, \u00a1SE VIENEN!\"}]},{\"@type\":\"WebSite\",\"@id\":\"https:\\\/\\\/purolatino.es\\\/cadiz\\\/#website\",\"url\":\"https:\\\/\\\/purolatino.es\\\/cadiz\\\/\",\"name\":\"Cadiz\",\"description\":\"El mayor festival de reggaeton de Espa\u00f1a en el Puerto de Santa Mar\u00eda\",\"potentialAction\":[{\"@type\":\"SearchAction\",\"target\":{\"@type\":\"EntryPoint\",\"urlTemplate\":\"https:\\\/\\\/purolatino.es\\\/cadiz\\\/?s={search_term_string}\"},\"query-input\":{\"@type\":\"PropertyValueSpecification\",\"valueRequired\":true,\"valueName\":\"search_term_string\"}}],\"inLanguage\":\"es\"},{\"@type\":\"Person\",\"@id\":\"https:\\\/\\\/purolatino.es\\\/cadiz\\\/#\\\/schema\\\/person\\\/db5ca1e09c6d1e9103de223ec1e5a543\",\"name\":\"Puro\",\"url\":\"https:\\\/\\\/purolatino.es\\\/cadiz\\\/author\\\/platino\\\/\"}]}<\/script>\n<!-- \/ Yoast SEO plugin. -->","yoast_head_json":{"title":"HADES66 Y CALI &amp; EL DANDEE, \u00a1SE VIENEN! - Cadiz","robots":{"index":"index","follow":"follow","max-snippet":"max-snippet:-1","max-image-preview":"max-image-preview:large","max-video-preview":"max-video-preview:-1"},"canonical":"https:\/\/purolatino.es\/cadiz\/hades66-y-cali-el-dandee-se-vienen\/","og_locale":"es_ES","og_type":"article","og_title":"HADES66 Y CALI &amp; EL DANDEE, \u00a1SE VIENEN! - Cadiz","og_description":"Solo han pasado unos d\u00edas tras\u00a0la incorporaci\u00f3n de\u00a0Omar Courtz\u00a0y el\u00a0Puro Latino El Puerto de Santa Mar\u00eda Fest\u00a0vuelve a liarla:\u00a0\u00a1Hades66\u00a0y\u00a0Cali &amp; El Dandee\u00a0se apuntan tambi\u00e9n!\u00a0\u00a0Esta\u00a0s\u00e9ptima edici\u00f3n\u00a0ser\u00e1 \u00e9pica, con un cartel que incluye a\u00a0Don Omar,\u00a0Juan Magan,\u00a0Anuel AA,\u00a0Myke Towers,\u00a0\u00d1engo Flow,\u00a0Kidd Voodoo,\u00a0Young Cister,\u00a0ROA,\u00a0Kybba,\u00a0SAIKO,\u00a0JC Reyes,\u00a0Jos\u00e9 de las Heras\u00a0o\u00a0Alvama Ice, \u00a1incre\u00edble!","og_url":"https:\/\/purolatino.es\/cadiz\/hades66-y-cali-el-dandee-se-vienen\/","og_site_name":"Cadiz","article_published_time":"2026-04-27T13:21:38+00:00","article_modified_time":"2026-04-27T13:23:02+00:00","og_image":[{"width":1080,"height":1080,"url":"https:\/\/purolatino.es\/cadiz\/wp-content\/uploads\/sites\/10\/2026\/04\/purolatino.jpg","type":"image\/jpeg"}],"author":"Puro","twitter_card":"summary_large_image","twitter_misc":{"Escrito por":"Puro","Tiempo de lectura":"2 minutos"},"schema":{"@context":"https:\/\/schema.org","@graph":[{"@type":"Article","@id":"https:\/\/purolatino.es\/cadiz\/hades66-y-cali-el-dandee-se-vienen\/#article","isPartOf":{"@id":"https:\/\/purolatino.es\/cadiz\/hades66-y-cali-el-dandee-se-vienen\/"},"author":{"name":"Puro","@id":"https:\/\/purolatino.es\/cadiz\/#\/schema\/person\/db5ca1e09c6d1e9103de223ec1e5a543"},"headline":"HADES66 Y CALI &amp; EL DANDEE, \u00a1SE VIENEN!","datePublished":"2026-04-27T13:21:38+00:00","dateModified":"2026-04-27T13:23:02+00:00","mainEntityOfPage":{"@id":"https:\/\/purolatino.es\/cadiz\/hades66-y-cali-el-dandee-se-vienen\/"},"wordCount":427,"image":{"@id":"https:\/\/purolatino.es\/cadiz\/hades66-y-cali-el-dandee-se-vienen\/#primaryimage"},"thumbnailUrl":"https:\/\/purolatino.es\/cadiz\/wp-content\/uploads\/sites\/10\/2026\/04\/purolatino.jpg","articleSection":["noticias"],"inLanguage":"es"},{"@type":"WebPage","@id":"https:\/\/purolatino.es\/cadiz\/hades66-y-cali-el-dandee-se-vienen\/","url":"https:\/\/purolatino.es\/cadiz\/hades66-y-cali-el-dandee-se-vienen\/","name":"HADES66 Y CALI &amp; EL DANDEE, \u00a1SE VIENEN! - Cadiz","isPartOf":{"@id":"https:\/\/purolatino.es\/cadiz\/#website"},"primaryImageOfPage":{"@id":"https:\/\/purolatino.es\/cadiz\/hades66-y-cali-el-dandee-se-vienen\/#primaryimage"},"image":{"@id":"https:\/\/purolatino.es\/cadiz\/hades66-y-cali-el-dandee-se-vienen\/#primaryimage"},"thumbnailUrl":"https:\/\/purolatino.es\/cadiz\/wp-content\/uploads\/sites\/10\/2026\/04\/purolatino.jpg","datePublished":"2026-04-27T13:21:38+00:00","dateModified":"2026-04-27T13:23:02+00:00","author":{"@id":"https:\/\/purolatino.es\/cadiz\/#\/schema\/person\/db5ca1e09c6d1e9103de223ec1e5a543"},"breadcrumb":{"@id":"https:\/\/purolatino.es\/cadiz\/hades66-y-cali-el-dandee-se-vienen\/#breadcrumb"},"inLanguage":"es","potentialAction":[{"@type":"ReadAction","target":["https:\/\/purolatino.es\/cadiz\/hades66-y-cali-el-dandee-se-vienen\/"]}]},{"@type":"ImageObject","inLanguage":"es","@id":"https:\/\/purolatino.es\/cadiz\/hades66-y-cali-el-dandee-se-vienen\/#primaryimage","url":"https:\/\/purolatino.es\/cadiz\/wp-content\/uploads\/sites\/10\/2026\/04\/purolatino.jpg","contentUrl":"https:\/\/purolatino.es\/cadiz\/wp-content\/uploads\/sites\/10\/2026\/04\/purolatino.jpg","width":1080,"height":1080},{"@type":"BreadcrumbList","@id":"https:\/\/purolatino.es\/cadiz\/hades66-y-cali-el-dandee-se-vienen\/#breadcrumb","itemListElement":[{"@type":"ListItem","position":1,"name":"Portada","item":"https:\/\/purolatino.es\/cadiz\/"},{"@type":"ListItem","position":2,"name":"HADES66 Y CALI &amp; EL DANDEE, \u00a1SE VIENEN!"}]},{"@type":"WebSite","@id":"https:\/\/purolatino.es\/cadiz\/#website","url":"https:\/\/purolatino.es\/cadiz\/","name":"Cadiz","description":"El mayor festival de reggaeton de Espa\u00f1a en el Puerto de Santa Mar\u00eda","potentialAction":[{"@type":"SearchAction","target":{"@type":"EntryPoint","urlTemplate":"https:\/\/purolatino.es\/cadiz\/?s={search_term_string}"},"query-input":{"@type":"PropertyValueSpecification","valueRequired":true,"valueName":"search_term_string"}}],"inLanguage":"es"},{"@type":"Person","@id":"https:\/\/purolatino.es\/cadiz\/#\/schema\/person\/db5ca1e09c6d1e9103de223ec1e5a543","name":"Puro","url":"https:\/\/purolatino.es\/cadiz\/author\/platino\/"}]}},"jetpack_featured_media_url":"https:\/\/purolatino.es\/cadiz\/wp-content\/uploads\/sites\/10\/2026\/04\/purolatino.jpg","jetpack_sharing_enabled":true,"_links":{"self":[{"href":"https:\/\/purolatino.es\/cadiz\/wp-json\/wp\/v2\/posts\/3070","targetHints":{"allow":["GET"]}}],"collection":[{"href":"https:\/\/purolatino.es\/cadiz\/wp-json\/wp\/v2\/posts"}],"about":[{"href":"https:\/\/purolatino.es\/cadiz\/wp-json\/wp\/v2\/types\/post"}],"author":[{"embeddable":true,"href":"https:\/\/purolatino.es\/cadiz\/wp-json\/wp\/v2\/users\/3"}],"replies":[{"embeddable":true,"href":"https:\/\/purolatino.es\/cadiz\/wp-json\/wp\/v2\/comments?post=3070"}],"version-history":[{"count":1,"href":"https:\/\/purolatino.es\/cadiz\/wp-json\/wp\/v2\/posts\/3070\/revisions"}],"predecessor-version":[{"id":3071,"href":"https:\/\/purolatino.es\/cadiz\/wp-json\/wp\/v2\/posts\/3070\/revisions\/3071"}],"wp:featuredmedia":[{"embeddable":true,"href":"https:\/\/purolatino.es\/cadiz\/wp-json\/wp\/v2\/media\/3073"}],"wp:attachment":[{"href":"https:\/\/purolatino.es\/cadiz\/wp-json\/wp\/v2\/media?parent=3070"}],"wp:term":[{"taxonomy":"category","embeddable":true,"href":"https:\/\/purolatino.es\/cadiz\/wp-json\/wp\/v2\/categories?post=3070"},{"taxonomy":"post_tag","embeddable":true,"href":"https:\/\/purolatino.es\/cadiz\/wp-json\/wp\/v2\/tags?post=3070"}],"curies":[{"name":"wp","href":"https:\/\/api.w.org\/{rel}","templated":true}]}}