{"id":789,"date":"2024-05-13T10:56:36","date_gmt":"2024-05-13T10:56:36","guid":{"rendered":"https:\/\/purolatino.es\/madrid\/?p=789"},"modified":"2024-05-13T10:57:50","modified_gmt":"2024-05-13T10:57:50","slug":"cuenta-atras","status":"publish","type":"post","link":"https:\/\/purolatino.es\/madrid\/cuenta-atras\/","title":{"rendered":"\u00a1CUENTA ATR\u00c1S!"},"content":{"rendered":"\n<p>Ya queda menos para que comience la segunda edici\u00f3n de\u00a0<a href=\"https:\/\/email.cloud.secureclick.net\/c\/5540?id=14088509.54413.1.2b105499a3826e78624bc652564a0ea6\" target=\"_blank\" rel=\"noreferrer noopener\">Puro Latino Madrid Fest<\/a>\u00a0y nosotros contamos las horas que nos separan de la fiesta del verano los pr\u00f3ximos 28 y 29 de junio, y de poder disfrutar de los directos de nombres del calibre de\u00a0<a href=\"https:\/\/email.cloud.secureclick.net\/c\/5540?id=14088509.54414.1.d5c502c7d420baa45389d7aeb414422b\" target=\"_blank\" rel=\"noreferrer noopener\"><strong>Anuel AA<\/strong><\/a>,\u00a0<strong><a href=\"https:\/\/email.cloud.secureclick.net\/c\/5540?id=14088509.54415.1.c2d1ef04a7913e99d8a608dfdd9823f1\" target=\"_blank\" rel=\"noreferrer noopener\">Mora<\/a><\/strong>,\u00a0<a href=\"https:\/\/email.cloud.secureclick.net\/c\/5540?id=14088509.54416.1.43250bd6ead5db8985889ef2eb51a168\" target=\"_blank\" rel=\"noreferrer noopener\"><strong>Saiko<\/strong><\/a>,\u00a0<strong><a href=\"https:\/\/email.cloud.secureclick.net\/c\/5540?id=14088509.54417.1.b4ce215f19150241e55840cecc71e877\" target=\"_blank\" rel=\"noreferrer noopener\">Jhayco<\/a><\/strong>\u00a0y muchos m\u00e1s. Mientras tanto, por fin est\u00e1 disponible la programaci\u00f3n de artistas por d\u00edas y sus correspondientes entradas, una gran noticia que nos permitir\u00e1 organizarnos para no perdernos a ninguno de nuestros artistas favoritos.<\/p>\n\n\n\n<!--more-->\n\n\n\n<p><a href=\"https:\/\/email.cloud.secureclick.net\/c\/5540?id=14088509.54420.1.bcccdb7dab3b205b82779d77b35d0a7e\" target=\"_blank\" rel=\"noreferrer noopener\"><strong>Puro Latino Madrid Fest<\/strong><\/a>\u00a0promete ser, por segundo a\u00f1o consecutivo, una de las sensaciones del a\u00f1o en la temporada de festivales de la comunidad madrile\u00f1a. Convertido por m\u00e9ritos propios en la cita indispensable con los ritmos latinos, los sonidos urban y el calor del reggaet\u00f3n en nuestro pa\u00eds,\u00a0<a href=\"https:\/\/email.cloud.secureclick.net\/c\/5540?id=14088509.54421.1.0346873c6debee11703f7a6ff8efe2f1\" target=\"_blank\" rel=\"noreferrer noopener\"><strong>Puro Latino Madrid Fest<\/strong><\/a>\u00a0volver\u00e1 a arrasar los pr\u00f3ximos 28 y 29 de junio en el municipio de\u00a0<strong>Arganda del Rey<\/strong>.<\/p>\n\n\n\n<p>Comenzaremos el viernes 28 de junio con las rutilantes presencias del irrepetible\u00a0<a href=\"https:\/\/email.cloud.secureclick.net\/c\/5540?id=14088509.54422.1.561665c667575aa19c8a7fd2d9063624\" target=\"_blank\" rel=\"noreferrer noopener\"><strong>Anuel AA<\/strong><\/a>, el sentimentalistmo de\u00a0<a href=\"https:\/\/email.cloud.secureclick.net\/c\/5540?id=14088509.54423.1.0c56a2f823c7409e700a16223d96b57d\" target=\"_blank\" rel=\"noreferrer noopener\"><strong>Justin Quiles<\/strong><\/a>, el drill 2.0 de\u00a0<a href=\"https:\/\/email.cloud.secureclick.net\/c\/5540?id=14088509.54424.1.88771166a3feb8a2b6487a14964c1e31\" target=\"_blank\" rel=\"noreferrer noopener\"><strong>YOVNGCHIMI<\/strong><\/a>,\u00a0<a href=\"https:\/\/email.cloud.secureclick.net\/c\/5540?id=14088509.54425.1.eb945a9e3452f9f8487ff094a8aaaf72\" target=\"_blank\" rel=\"noreferrer noopener\"><strong>Vilu Gontero<\/strong><\/a>\u00a0a los platos, el urban electr\u00f3nico de\u00a0<a href=\"https:\/\/email.cloud.secureclick.net\/c\/5540?id=14088509.54426.1.6df103c053d53ff3f865ed6d3ac35f2f\" target=\"_blank\" rel=\"noreferrer noopener\"><strong>Saiko<\/strong><\/a>, el impredecible\u00a0<a href=\"https:\/\/email.cloud.secureclick.net\/c\/5540?id=14088509.54427.1.388633a51bfd32e6f55cf1498421a34c\" target=\"_blank\" rel=\"noreferrer noopener\"><strong>Omar Montes<\/strong><\/a>, el anfitri\u00f3n madrile\u00f1o\u00a0<a href=\"https:\/\/email.cloud.secureclick.net\/c\/5540?id=14088509.54428.1.d138487bff98e35da7dd2be0cd2c0e59\" target=\"_blank\" rel=\"noreferrer noopener\">Cano<\/a>\u00a0y el explosivo\u00a0<strong><a href=\"https:\/\/email.cloud.secureclick.net\/c\/5540?id=14088509.54429.1.27e32bcc7692c729f5853ba1cd6dbbda\" target=\"_blank\" rel=\"noreferrer noopener\">JC Reyes<\/a><\/strong>. \u00a1Vaya forma de romper el hielo!<\/p>\n\n\n\n<p>Y seguimos la fiesta el s\u00e1bado 29 de junio con las actuaciones de alto voltaje de la leyenda&nbsp;<a target=\"_blank\" href=\"https:\/\/email.cloud.secureclick.net\/c\/5540?id=14088509.54430.1.df9f57fb9787117bb04a637665755ec1\" rel=\"noreferrer noopener\"><strong>Yandel<\/strong><\/a>, un renovado&nbsp;<strong><a target=\"_blank\" href=\"https:\/\/email.cloud.secureclick.net\/c\/5540?id=14088509.54431.1.233f4f0ca265104b08b7f2fe6231d5ad\" rel=\"noreferrer noopener\">Jhayco<\/a><\/strong>, el puertorrique\u00f1o&nbsp;<strong><a target=\"_blank\" href=\"https:\/\/email.cloud.secureclick.net\/c\/5540?id=14088509.54432.1.567f6e6c6d32e165500cf949c99fadd2\" rel=\"noreferrer noopener\">Mora<\/a><\/strong>, el alien\u00edgena&nbsp;<strong><a target=\"_blank\" href=\"https:\/\/email.cloud.secureclick.net\/c\/5540?id=14088509.54433.1.717f6fa8db566a5ad4f51ad251a11148\" rel=\"noreferrer noopener\">Dei V<\/a><\/strong>, el veterano&nbsp;<a target=\"_blank\" href=\"https:\/\/email.cloud.secureclick.net\/c\/5540?id=14088509.54434.1.737eca3e2bc3d95529f30eb4b2202a38\" rel=\"noreferrer noopener\"><strong>Juan Mag\u00e1n<\/strong><\/a>, los ritmos contundentes de&nbsp;<a target=\"_blank\" href=\"https:\/\/email.cloud.secureclick.net\/c\/5540?id=14088509.54435.1.46bb2a71990d58386d07f67dfd40bc23\" rel=\"noreferrer noopener\"><strong>Morad<\/strong><\/a>, el desparpajo&nbsp;<a target=\"_blank\" href=\"https:\/\/email.cloud.secureclick.net\/c\/5540?id=14088509.54436.1.6bc6f3b1b98b1d4aae88c02dd922a102\" rel=\"noreferrer noopener\"><strong>Rvfv<\/strong><\/a><em><\/em>&nbsp;y el joven&nbsp;<a target=\"_blank\" href=\"https:\/\/email.cloud.secureclick.net\/c\/5540?id=14088509.54437.1.2cbea1e50b0a8fb3df0320f96517afaa\" rel=\"noreferrer noopener\"><strong>Cris MJ<\/strong><\/a>.<\/p>\n\n\n\n<p>Queda poco m\u00e1s de un mes para que el suelo de&nbsp;<strong>Arganda del Rey<\/strong>retumbe a ritmo de urban latino. En la anterior \u00a1y primera! edici\u00f3n de&nbsp;<strong><a target=\"_blank\" href=\"https:\/\/email.cloud.secureclick.net\/c\/5540?id=14088509.54438.1.8c5f5d71e79e0d5f342b458962db5b26\" rel=\"noreferrer noopener\">Puro Latino Madrid Fest<\/a><\/strong>&nbsp;se aglutinaron m\u00e1s de 50.000 personas. \u00bfCu\u00e1ntas personas se reunir\u00e1n en esta ocasi\u00f3n?<\/p>\n\n\n\n<p>Con dos d\u00edas as\u00ed, es a todas luces obvio que las entradas y los abonos van a volar. \u00bfA qu\u00e9 esperas para adquirir la tuya?<\/p>\n","protected":false},"excerpt":{"rendered":"<p>Ya queda menos para que comience la segunda edici\u00f3n de\u00a0Puro Latino Madrid Fest\u00a0y nosotros contamos las horas que nos separan de la fiesta del verano los pr\u00f3ximos 28 y 29 de junio, y de poder disfrutar de los directos de nombres del calibre de\u00a0Anuel AA,\u00a0Mora,\u00a0Saiko,\u00a0Jhayco\u00a0y muchos m\u00e1s. Mientras tanto, por fin est\u00e1 disponible la programaci\u00f3n [&hellip;]<\/p>\n","protected":false},"author":3,"featured_media":791,"comment_status":"closed","ping_status":"closed","sticky":false,"template":"","format":"standard","meta":{"_jetpack_memberships_contains_paid_content":false,"footnotes":""},"categories":[1],"tags":[],"class_list":["post-789","post","type-post","status-publish","format-standard","has-post-thumbnail","hentry","category-sin-categoria"],"yoast_head":"<!-- This site is optimized with the Yoast SEO plugin v27.5 - https:\/\/yoast.com\/product\/yoast-seo-wordpress\/ -->\n<title>\u00a1CUENTA ATR\u00c1S! - Puro Latino Fest Madrid<\/title>\n<meta name=\"robots\" content=\"index, follow, max-snippet:-1, max-image-preview:large, max-video-preview:-1\" \/>\n<link rel=\"canonical\" href=\"https:\/\/purolatino.es\/madrid\/cuenta-atras\/\" \/>\n<meta property=\"og:locale\" content=\"es_ES\" \/>\n<meta property=\"og:type\" content=\"article\" \/>\n<meta property=\"og:title\" content=\"\u00a1CUENTA ATR\u00c1S! - Puro Latino Fest Madrid\" \/>\n<meta property=\"og:description\" content=\"Ya queda menos para que comience la segunda edici\u00f3n de\u00a0Puro Latino Madrid Fest\u00a0y nosotros contamos las horas que nos separan de la fiesta del verano los pr\u00f3ximos 28 y 29 de junio, y de poder disfrutar de los directos de nombres del calibre de\u00a0Anuel AA,\u00a0Mora,\u00a0Saiko,\u00a0Jhayco\u00a0y muchos m\u00e1s. Mientras tanto, por fin est\u00e1 disponible la programaci\u00f3n [&hellip;]\" \/>\n<meta property=\"og:url\" content=\"https:\/\/purolatino.es\/madrid\/cuenta-atras\/\" \/>\n<meta property=\"og:site_name\" content=\"Puro Latino Fest Madrid\" \/>\n<meta property=\"article:published_time\" content=\"2024-05-13T10:56:36+00:00\" \/>\n<meta property=\"article:modified_time\" content=\"2024-05-13T10:57:50+00:00\" \/>\n<meta property=\"og:image\" content=\"https:\/\/purolatino.es\/madrid\/wp-content\/uploads\/sites\/14\/2024\/05\/madrid-puro-latino-cartel-por-dias.jpg\" \/>\n\t<meta property=\"og:image:width\" content=\"1080\" \/>\n\t<meta property=\"og:image:height\" content=\"1080\" \/>\n\t<meta property=\"og:image:type\" content=\"image\/jpeg\" \/>\n<meta name=\"author\" content=\"Puro\" \/>\n<meta name=\"twitter:card\" content=\"summary_large_image\" \/>\n<meta name=\"twitter:label1\" content=\"Escrito por\" \/>\n\t<meta name=\"twitter:data1\" content=\"Puro\" \/>\n\t<meta name=\"twitter:label2\" content=\"Tiempo de lectura\" \/>\n\t<meta name=\"twitter:data2\" content=\"2 minutos\" \/>\n<script type=\"application\/ld+json\" class=\"yoast-schema-graph\">{\"@context\":\"https:\\\/\\\/schema.org\",\"@graph\":[{\"@type\":\"Article\",\"@id\":\"https:\\\/\\\/purolatino.es\\\/madrid\\\/cuenta-atras\\\/#article\",\"isPartOf\":{\"@id\":\"https:\\\/\\\/purolatino.es\\\/madrid\\\/cuenta-atras\\\/\"},\"author\":{\"name\":\"Puro\",\"@id\":\"https:\\\/\\\/purolatino.es\\\/madrid\\\/#\\\/schema\\\/person\\\/db5ca1e09c6d1e9103de223ec1e5a543\"},\"headline\":\"\u00a1CUENTA ATR\u00c1S!\",\"datePublished\":\"2024-05-13T10:56:36+00:00\",\"dateModified\":\"2024-05-13T10:57:50+00:00\",\"mainEntityOfPage\":{\"@id\":\"https:\\\/\\\/purolatino.es\\\/madrid\\\/cuenta-atras\\\/\"},\"wordCount\":355,\"image\":{\"@id\":\"https:\\\/\\\/purolatino.es\\\/madrid\\\/cuenta-atras\\\/#primaryimage\"},\"thumbnailUrl\":\"https:\\\/\\\/purolatino.es\\\/madrid\\\/wp-content\\\/uploads\\\/sites\\\/14\\\/2024\\\/05\\\/madrid-puro-latino-cartel-por-dias.jpg\",\"inLanguage\":\"es\"},{\"@type\":\"WebPage\",\"@id\":\"https:\\\/\\\/purolatino.es\\\/madrid\\\/cuenta-atras\\\/\",\"url\":\"https:\\\/\\\/purolatino.es\\\/madrid\\\/cuenta-atras\\\/\",\"name\":\"\u00a1CUENTA ATR\u00c1S! - Puro Latino Fest Madrid\",\"isPartOf\":{\"@id\":\"https:\\\/\\\/purolatino.es\\\/madrid\\\/#website\"},\"primaryImageOfPage\":{\"@id\":\"https:\\\/\\\/purolatino.es\\\/madrid\\\/cuenta-atras\\\/#primaryimage\"},\"image\":{\"@id\":\"https:\\\/\\\/purolatino.es\\\/madrid\\\/cuenta-atras\\\/#primaryimage\"},\"thumbnailUrl\":\"https:\\\/\\\/purolatino.es\\\/madrid\\\/wp-content\\\/uploads\\\/sites\\\/14\\\/2024\\\/05\\\/madrid-puro-latino-cartel-por-dias.jpg\",\"datePublished\":\"2024-05-13T10:56:36+00:00\",\"dateModified\":\"2024-05-13T10:57:50+00:00\",\"author\":{\"@id\":\"https:\\\/\\\/purolatino.es\\\/madrid\\\/#\\\/schema\\\/person\\\/db5ca1e09c6d1e9103de223ec1e5a543\"},\"breadcrumb\":{\"@id\":\"https:\\\/\\\/purolatino.es\\\/madrid\\\/cuenta-atras\\\/#breadcrumb\"},\"inLanguage\":\"es\",\"potentialAction\":[{\"@type\":\"ReadAction\",\"target\":[\"https:\\\/\\\/purolatino.es\\\/madrid\\\/cuenta-atras\\\/\"]}]},{\"@type\":\"ImageObject\",\"inLanguage\":\"es\",\"@id\":\"https:\\\/\\\/purolatino.es\\\/madrid\\\/cuenta-atras\\\/#primaryimage\",\"url\":\"https:\\\/\\\/purolatino.es\\\/madrid\\\/wp-content\\\/uploads\\\/sites\\\/14\\\/2024\\\/05\\\/madrid-puro-latino-cartel-por-dias.jpg\",\"contentUrl\":\"https:\\\/\\\/purolatino.es\\\/madrid\\\/wp-content\\\/uploads\\\/sites\\\/14\\\/2024\\\/05\\\/madrid-puro-latino-cartel-por-dias.jpg\",\"width\":1080,\"height\":1080},{\"@type\":\"BreadcrumbList\",\"@id\":\"https:\\\/\\\/purolatino.es\\\/madrid\\\/cuenta-atras\\\/#breadcrumb\",\"itemListElement\":[{\"@type\":\"ListItem\",\"position\":1,\"name\":\"Portada\",\"item\":\"https:\\\/\\\/purolatino.es\\\/madrid\\\/\"},{\"@type\":\"ListItem\",\"position\":2,\"name\":\"\u00a1CUENTA ATR\u00c1S!\"}]},{\"@type\":\"WebSite\",\"@id\":\"https:\\\/\\\/purolatino.es\\\/madrid\\\/#website\",\"url\":\"https:\\\/\\\/purolatino.es\\\/madrid\\\/\",\"name\":\"Puro Latino Fest Madrid\",\"description\":\"El mayor festival de reggaeton de Espa\u00f1a en Madrid\",\"potentialAction\":[{\"@type\":\"SearchAction\",\"target\":{\"@type\":\"EntryPoint\",\"urlTemplate\":\"https:\\\/\\\/purolatino.es\\\/madrid\\\/?s={search_term_string}\"},\"query-input\":{\"@type\":\"PropertyValueSpecification\",\"valueRequired\":true,\"valueName\":\"search_term_string\"}}],\"inLanguage\":\"es\"},{\"@type\":\"Person\",\"@id\":\"https:\\\/\\\/purolatino.es\\\/madrid\\\/#\\\/schema\\\/person\\\/db5ca1e09c6d1e9103de223ec1e5a543\",\"name\":\"Puro\",\"url\":\"https:\\\/\\\/purolatino.es\\\/madrid\\\/author\\\/platino\\\/\"}]}<\/script>\n<!-- \/ Yoast SEO plugin. -->","yoast_head_json":{"title":"\u00a1CUENTA ATR\u00c1S! - Puro Latino Fest Madrid","robots":{"index":"index","follow":"follow","max-snippet":"max-snippet:-1","max-image-preview":"max-image-preview:large","max-video-preview":"max-video-preview:-1"},"canonical":"https:\/\/purolatino.es\/madrid\/cuenta-atras\/","og_locale":"es_ES","og_type":"article","og_title":"\u00a1CUENTA ATR\u00c1S! - Puro Latino Fest Madrid","og_description":"Ya queda menos para que comience la segunda edici\u00f3n de\u00a0Puro Latino Madrid Fest\u00a0y nosotros contamos las horas que nos separan de la fiesta del verano los pr\u00f3ximos 28 y 29 de junio, y de poder disfrutar de los directos de nombres del calibre de\u00a0Anuel AA,\u00a0Mora,\u00a0Saiko,\u00a0Jhayco\u00a0y muchos m\u00e1s. Mientras tanto, por fin est\u00e1 disponible la programaci\u00f3n [&hellip;]","og_url":"https:\/\/purolatino.es\/madrid\/cuenta-atras\/","og_site_name":"Puro Latino Fest Madrid","article_published_time":"2024-05-13T10:56:36+00:00","article_modified_time":"2024-05-13T10:57:50+00:00","og_image":[{"width":1080,"height":1080,"url":"https:\/\/purolatino.es\/madrid\/wp-content\/uploads\/sites\/14\/2024\/05\/madrid-puro-latino-cartel-por-dias.jpg","type":"image\/jpeg"}],"author":"Puro","twitter_card":"summary_large_image","twitter_misc":{"Escrito por":"Puro","Tiempo de lectura":"2 minutos"},"schema":{"@context":"https:\/\/schema.org","@graph":[{"@type":"Article","@id":"https:\/\/purolatino.es\/madrid\/cuenta-atras\/#article","isPartOf":{"@id":"https:\/\/purolatino.es\/madrid\/cuenta-atras\/"},"author":{"name":"Puro","@id":"https:\/\/purolatino.es\/madrid\/#\/schema\/person\/db5ca1e09c6d1e9103de223ec1e5a543"},"headline":"\u00a1CUENTA ATR\u00c1S!","datePublished":"2024-05-13T10:56:36+00:00","dateModified":"2024-05-13T10:57:50+00:00","mainEntityOfPage":{"@id":"https:\/\/purolatino.es\/madrid\/cuenta-atras\/"},"wordCount":355,"image":{"@id":"https:\/\/purolatino.es\/madrid\/cuenta-atras\/#primaryimage"},"thumbnailUrl":"https:\/\/purolatino.es\/madrid\/wp-content\/uploads\/sites\/14\/2024\/05\/madrid-puro-latino-cartel-por-dias.jpg","inLanguage":"es"},{"@type":"WebPage","@id":"https:\/\/purolatino.es\/madrid\/cuenta-atras\/","url":"https:\/\/purolatino.es\/madrid\/cuenta-atras\/","name":"\u00a1CUENTA ATR\u00c1S! - Puro Latino Fest Madrid","isPartOf":{"@id":"https:\/\/purolatino.es\/madrid\/#website"},"primaryImageOfPage":{"@id":"https:\/\/purolatino.es\/madrid\/cuenta-atras\/#primaryimage"},"image":{"@id":"https:\/\/purolatino.es\/madrid\/cuenta-atras\/#primaryimage"},"thumbnailUrl":"https:\/\/purolatino.es\/madrid\/wp-content\/uploads\/sites\/14\/2024\/05\/madrid-puro-latino-cartel-por-dias.jpg","datePublished":"2024-05-13T10:56:36+00:00","dateModified":"2024-05-13T10:57:50+00:00","author":{"@id":"https:\/\/purolatino.es\/madrid\/#\/schema\/person\/db5ca1e09c6d1e9103de223ec1e5a543"},"breadcrumb":{"@id":"https:\/\/purolatino.es\/madrid\/cuenta-atras\/#breadcrumb"},"inLanguage":"es","potentialAction":[{"@type":"ReadAction","target":["https:\/\/purolatino.es\/madrid\/cuenta-atras\/"]}]},{"@type":"ImageObject","inLanguage":"es","@id":"https:\/\/purolatino.es\/madrid\/cuenta-atras\/#primaryimage","url":"https:\/\/purolatino.es\/madrid\/wp-content\/uploads\/sites\/14\/2024\/05\/madrid-puro-latino-cartel-por-dias.jpg","contentUrl":"https:\/\/purolatino.es\/madrid\/wp-content\/uploads\/sites\/14\/2024\/05\/madrid-puro-latino-cartel-por-dias.jpg","width":1080,"height":1080},{"@type":"BreadcrumbList","@id":"https:\/\/purolatino.es\/madrid\/cuenta-atras\/#breadcrumb","itemListElement":[{"@type":"ListItem","position":1,"name":"Portada","item":"https:\/\/purolatino.es\/madrid\/"},{"@type":"ListItem","position":2,"name":"\u00a1CUENTA ATR\u00c1S!"}]},{"@type":"WebSite","@id":"https:\/\/purolatino.es\/madrid\/#website","url":"https:\/\/purolatino.es\/madrid\/","name":"Puro Latino Fest Madrid","description":"El mayor festival de reggaeton de Espa\u00f1a en Madrid","potentialAction":[{"@type":"SearchAction","target":{"@type":"EntryPoint","urlTemplate":"https:\/\/purolatino.es\/madrid\/?s={search_term_string}"},"query-input":{"@type":"PropertyValueSpecification","valueRequired":true,"valueName":"search_term_string"}}],"inLanguage":"es"},{"@type":"Person","@id":"https:\/\/purolatino.es\/madrid\/#\/schema\/person\/db5ca1e09c6d1e9103de223ec1e5a543","name":"Puro","url":"https:\/\/purolatino.es\/madrid\/author\/platino\/"}]}},"jetpack_featured_media_url":"https:\/\/purolatino.es\/madrid\/wp-content\/uploads\/sites\/14\/2024\/05\/madrid-puro-latino-cartel-por-dias.jpg","jetpack_sharing_enabled":true,"_links":{"self":[{"href":"https:\/\/purolatino.es\/madrid\/wp-json\/wp\/v2\/posts\/789","targetHints":{"allow":["GET"]}}],"collection":[{"href":"https:\/\/purolatino.es\/madrid\/wp-json\/wp\/v2\/posts"}],"about":[{"href":"https:\/\/purolatino.es\/madrid\/wp-json\/wp\/v2\/types\/post"}],"author":[{"embeddable":true,"href":"https:\/\/purolatino.es\/madrid\/wp-json\/wp\/v2\/users\/3"}],"replies":[{"embeddable":true,"href":"https:\/\/purolatino.es\/madrid\/wp-json\/wp\/v2\/comments?post=789"}],"version-history":[{"count":1,"href":"https:\/\/purolatino.es\/madrid\/wp-json\/wp\/v2\/posts\/789\/revisions"}],"predecessor-version":[{"id":790,"href":"https:\/\/purolatino.es\/madrid\/wp-json\/wp\/v2\/posts\/789\/revisions\/790"}],"wp:featuredmedia":[{"embeddable":true,"href":"https:\/\/purolatino.es\/madrid\/wp-json\/wp\/v2\/media\/791"}],"wp:attachment":[{"href":"https:\/\/purolatino.es\/madrid\/wp-json\/wp\/v2\/media?parent=789"}],"wp:term":[{"taxonomy":"category","embeddable":true,"href":"https:\/\/purolatino.es\/madrid\/wp-json\/wp\/v2\/categories?post=789"},{"taxonomy":"post_tag","embeddable":true,"href":"https:\/\/purolatino.es\/madrid\/wp-json\/wp\/v2\/tags?post=789"}],"curies":[{"name":"wp","href":"https:\/\/api.w.org\/{rel}","templated":true}]}}